{"id":11801,"date":"2022-02-18T13:17:18","date_gmt":"2022-02-18T13:17:18","guid":{"rendered":"https:\/\/conakrynews.org\/?p=11801"},"modified":"2022-02-18T13:17:50","modified_gmt":"2022-02-18T13:17:50","slug":"conseil-des-ministres-le-chef-de-letat-reitere-sa-determination-a-recuperer-tous-les-domaines-publics-de-letat","status":"publish","type":"post","link":"https:\/\/conakrynews.org\/index.php\/conseil-des-ministres-le-chef-de-letat-reitere-sa-determination-a-recuperer-tous-les-domaines-publics-de-letat\/","title":{"rendered":"Conseil des ministres: Le Chef de l\u2019\u00c9tat r\u00e9it\u00e8re sa d\u00e9termination \u00e0 r\u00e9cup\u00e9rer tous les domaines publics de l\u2019Etat"},"content":{"rendered":"<ol>\n<li class=\"name post-title entry-title\"><\/li>\n<\/ol>\n<div class=\"clear\"><\/div>\n<div class=\"entry\">\n<p>La Session Ordinaire du Conseil des Ministres s\u2019est tenue ce\u00a0<strong>jeudi 17 f\u00e9vrier 2022 de 10H \u00e0 12H<\/strong>, sous la haute autorit\u00e9 de son\u00a0<strong>Excellence Monsieur le Pr\u00e9sident du CNRD, Pr\u00e9sident de la Transition, Chef de l\u2019Etat, Chef Supr\u00eame des Arm\u00e9es, le Colonel Mamadi DOUMBOYA<\/strong>.<\/p>\n<p>&nbsp;<\/p>\n<p>Les points suivants \u00e9taient inscrits \u00e0 l\u2019ordre du jour\u00a0:<\/p>\n<p>&nbsp;<\/p>\n<ol>\n<li><strong>MESSAGE DE SON EXCELLENCE MONSIEUR LE PRESIDENT DE LA TRANSITION<\/strong><\/li>\n<\/ol>\n<p><strong>\u00a0<\/strong><\/p>\n<ol start=\"2022\">\n<li><strong>COMPTE RENDU DE LA SESSION ORDINAIRE DU CONSEIL INTERMINISTERIEL DU MARDI 15 FEVRIER 2022.<\/strong><\/li>\n<\/ol>\n<p><strong>\u00a0<\/strong><\/p>\n<ul>\n<li><\/li>\n<\/ul>\n<p><strong>\u00a0<\/strong><\/p>\n<p><strong>\u00a0<\/strong><\/p>\n<p><strong>\u00a0<\/strong><\/p>\n<ol>\n<li><strong>Au TITRE DU\u00a0<\/strong><strong>MESSAGE DE SON EXCELLENCE MONSIEUR LE PRESIDENT DE LA TRANSITION<\/strong><\/li>\n<\/ol>\n<p>&nbsp;<\/p>\n<p><strong>Son Excellence Monsieur le Pr\u00e9sident de la Transition<\/strong>\u00a0a rappel\u00e9 l\u2019importance de trouver les voies et moyens pour rentabiliser d\u2019avantage le port autonome de Conakry. La d\u00e9marche vise \u00e0 en faire une entit\u00e9 comp\u00e9titive dans la sous-r\u00e9gion.<\/p>\n<p>&nbsp;<\/p>\n<p>Le Pr\u00e9sident de la Transition a demand\u00e9 que le port autonome de Conakry soit fonctionnel\u00a0<strong>24h\/24, 7jrs\u00a0\/7.\u00a0<\/strong>Ce, dans le respect scrupuleux des r\u00e8gles l\u00e9gales et de s\u00e9curit\u00e9 du travail. Le Colonel Mamadi Doumbouya a interpell\u00e9 \u00e0 ce propos les autorit\u00e9s portuaires et particuli\u00e8rement le\u00a0<strong>Ministre des Transports<\/strong>.<\/p>\n<p>&nbsp;<\/p>\n<p><strong>Le Chef de l\u2019\u00c9tat\u00a0<\/strong>a r\u00e9it\u00e9r\u00e9 sa d\u00e9termination \u00e0 r\u00e9cup\u00e9rer tous les domaines publics de l\u2019Etat qui ont \u00e9t\u00e9 dilapid\u00e9s par des particuliers.<\/p>\n<p>&nbsp;<\/p>\n<p>Le Pr\u00e9sident de la Transition a demand\u00e9 \u00e0 l\u2019ensemble des membres du gouvernement de faire preuve de solidarit\u00e9 dans cette l\u00e9gitime action de r\u00e9cup\u00e9ration des biens et domaines publics de l\u2019Etat.<\/p>\n<p>&nbsp;<\/p>\n<p><strong>Son Excellence Monsieur le Pr\u00e9sident de la Transition\u00a0<\/strong>a \u00e9galement mis un accent particulier sur les projets \u00e9ligibles au titre des droits de tirage sp\u00e9ciaux (<strong>DTS<\/strong>). Les projets retenus doivent faire l\u2019objet d\u2019une ex\u00e9cution acc\u00e9l\u00e9r\u00e9e ou d\u2019une r\u00e9alisation imm\u00e9diate.<\/p>\n<p>&nbsp;<\/p>\n<p>Pour la relance r\u00e9elle et effective de notre \u00e9conomie nationale, le Pr\u00e9sident de la Transition a sollicit\u00e9 l\u2019utilisation d\u2019autres fonds. Il a exhort\u00e9\u00a0<strong>le Premier Ministre et les ministres concern\u00e9s<\/strong>\u00a0de prendre des dispositions \u00e0 cet effet.<\/p>\n<p>&nbsp;<\/p>\n<p><strong>Le Chef de L\u2019Etat a attir\u00e9 l\u2019attention des membres du conseil sur la n\u00e9cessit\u00e9 de revoir le\u00a0<\/strong><strong>panier de la m\u00e9nag\u00e8re<\/strong>. Le Colonel Mamadi Doumbouya a recommand\u00e9 au Gouvernement de proposer dans les meilleurs d\u00e9lais des pistes de solutions.<\/p>\n<p><strong>Monsieur le Pr\u00e9sident de la Transition<\/strong>\u00a0a rappel\u00e9 au conseil la n\u00e9cessit\u00e9 d\u2019am\u00e9nager les rond points et espaces verts. Il a \u00e9galement instruit les ministres en charge de l\u2019Administration du Territoire et de l\u2019Habitat de r\u00e9habiliter dans une synergie d\u2019action et dans les meilleurs d\u00e9lais les douze\u00a0<strong>(12)<\/strong>\u00a0rond points de Conakry.<\/p>\n<p>&nbsp;<\/p>\n<p><strong>Le Pr\u00e9sident<\/strong>\u00a0<strong>de la Transition<\/strong>\u00a0a positivement appr\u00e9ci\u00e9 les recommandations du conseil interminist\u00e9riel du\u00a0<strong>mardi 15 f\u00e9vrier 2022\u00a0<\/strong>et a demand\u00e9 au conseil des ministres de les valider dans leur enti\u00e8ret\u00e9.<\/p>\n<p>&nbsp;<\/p>\n<ol start=\"2022\">\n<li><strong>COMPTE RENDU DE LA SESSION ORDINAIRE DU CONSEIL INTERMINISTERIEL DU MARDI 15 FEVRIER 2022.<\/strong><\/li>\n<\/ol>\n<p><strong>\u00a0<\/strong><\/p>\n<p><strong>AU TITRE DU MESSAGE DU PREMIER MINISTRE<\/strong><\/p>\n<p><strong>\u00a0<\/strong><\/p>\n<p>Le Chef du Gouvernement a rappel\u00e9 que conform\u00e9ment aux d\u00e9cisions du Conseil des Ministres, un tableau de suivi des d\u00e9cisions avait \u00e9t\u00e9 con\u00e7u et approuv\u00e9 par le gouvernement. Les derni\u00e8res statistiques \u00e0 cet effet, indiquent que sur 137 prises de d\u00e9cisions en Conseil des ministres, 78 sont d\u00e9j\u00e0 en cours d\u2019ex\u00e9cution ou ont \u00e9t\u00e9 compl\u00e8tement ex\u00e9cut\u00e9s, soit pr\u00e8s de 60%. Le Premier Ministre a pr\u00e9cis\u00e9 que les d\u00e9cisions du Conseil sont soumises \u00e0 l\u2019information du public d\u2019o\u00f9 la n\u00e9cessit\u00e9 de les traduire en actions concr\u00e8tes, perceptibles et visibles par nos populations. Il a \u00e9galement soulign\u00e9 la n\u00e9cessit\u00e9 de suivre leur mise en \u0153uvre par le biais du tableau de bord qui leur a \u00e9t\u00e9 transmis.<\/p>\n<p>&nbsp;<\/p>\n<p>Le Conseil, apr\u00e8s avoir reconnu l\u2019importance de ce tableau de suivi, a exhort\u00e9 les ministres \u00e0 renseigner les informations n\u00e9cessaires \u00e0 l\u2019application des d\u00e9cisions impliquant d\u2019autres minist\u00e8res afin de corriger les retards constat\u00e9s.<\/p>\n<p>&nbsp;<\/p>\n<p>Le Chef du Gouvernement a demand\u00e9 aux ministres de renforcer la coordination dans le partage des informations entre les minist\u00e8res et le Cabinet de la Primature.<\/p>\n<p>Monsieur le Premier Ministre a demand\u00e9\u00a0au Ministre des Finances de faire une communication sur le circuit d\u2019approbation des engagements financiers de l\u2019\u00c9tat (MOU, Attributions de License, Signature de Pr\u00eats\u00a0Concessionnels, etc.) lors du prochain Conseil Interminist\u00e9riel.<\/p>\n<p>&nbsp;<\/p>\n<p>Le Premier Ministre a inform\u00e9 les membres du gouvernement de la tenue des premi\u00e8res \u00e9valuations des minist\u00e8res d\u00e8s le mois de mars.<\/p>\n<p><strong>\u00a0<\/strong><\/p>\n<p><strong>AU TITRE DU RAPPORT D\u2019ETAPES SUR LES PROJETS INFRASTRUCTURES DES DROITS DE TIRAGES SPECIAUX (DTS)<\/strong><\/p>\n<p><strong>\u00a0<\/strong><\/p>\n<p>Le Premier Ministre a fait un compte rendu des conclusions des travaux r\u00e9alis\u00e9s par l\u2019\u00e9quipe de la Primature et de l\u2019Administration et le Contr\u00f4le des Grands Projets (ACGP), charg\u00e9e d\u2019\u00e9valuer les projets transmis par les minist\u00e8res.<\/p>\n<p>Il a rappel\u00e9 que cette \u00e9quipe a \u00e9t\u00e9 mise en place, suite aux instructions du Pr\u00e9sident de la Transition pour une meilleure utilisation des droits de tirages sp\u00e9ciaux (DTS) mis \u00e0 disposition par le Fonds Mon\u00e9taire International (FMI).<\/p>\n<p>&nbsp;<\/p>\n<p>A l\u2019analyse des r\u00e9sultats, il ressort que 18 d\u00e9partements minist\u00e9riels ont d\u00e9pos\u00e9 78 projets pour un co\u00fbt total de 416,4 millions de Dollars.<\/p>\n<p>Sur ces 78 projets, 33 ont \u00e9t\u00e9 retenus \u00e0 ce stade sur la base des crit\u00e8res de s\u00e9lection. Ces projets ont un co\u00fbt estimatif total de 129,8 millions de Dollars et une dur\u00e9e d\u2019ex\u00e9cution moyenne de neuf (9) mois. Le co\u00fbt moyen des projets retenus s\u2019\u00e9l\u00e8ve \u00e0 3.9 Millions de Dollars.<\/p>\n<p>&nbsp;<\/p>\n<p>Les projets non retenus l\u2019ont \u00e9t\u00e9 sur la base de crit\u00e8res tels que\u00a0: le manque d\u2019\u00e9tudes finalis\u00e9es, le d\u00e9passement du plafond budg\u00e9taire de 10 millions de dollars par projet ou encore l\u2019absence d\u2019impact direct sur la population.<\/p>\n<p>&nbsp;<\/p>\n<p>Enfin, les minist\u00e8res sont invit\u00e9s \u00e0 soumettre d\u2019autres projets afin d\u2019absorber les reliquats des fonds non allou\u00e9s, soit 20 millions de dollars.<\/p>\n<p>&nbsp;<\/p>\n<ol>\n<li><strong>PROPOS DU\u00a0<\/strong><strong>PLAN DE RELANCE INTERIMAIRE<\/strong><\/li>\n<\/ol>\n<p><strong>\u00a0<\/strong><\/p>\n<p>Le Premier Ministre a attir\u00e9 l\u2019attention du Conseil sur la n\u00e9cessit\u00e9 de finaliser le programme de relance int\u00e9rimaire de l\u2019\u00c9conomie et indiqu\u00e9 que celui-ci doit d\u00e9finir et pr\u00e9ciser les grandes priorit\u00e9s de l\u2019\u00c9tat.<\/p>\n<p>&nbsp;<\/p>\n<p>Ce programme int\u00e9rimaire devrait s\u2019appuyer sur le cadre logique \u00e9labor\u00e9e au cours de la retraite gouvernementale et les lettres de missions adress\u00e9es aux minist\u00e8res. Pour ce faire, le ministre des finances doit fournir une table des mati\u00e8res a l\u2019ensemble des membres du gouvernement afin d\u2019harmoniser l\u2019\u00e9laboration du document. Le Ministre du Budget devra pour sa part fournir un canevas \u00e0 tous les minist\u00e8res pour les guider dans l\u2019\u00e9laboration de leurs plans d\u2019actions op\u00e9rationnels.\u00a0 Enfin, le Ministre du budget doit pr\u00e9senter une communication la semaine prochaine en Conseil relative au Plan d\u2019engagement des d\u00e9penses de l\u2019\u00c9tat.<\/p>\n<p>&nbsp;<\/p>\n<ul>\n<li><strong>DIVERS<\/strong><\/li>\n<\/ul>\n<p><strong>\u00a0<\/strong><\/p>\n<p>La Ministre de l\u2019Environnement et du D\u00e9veloppement Durable a port\u00e9 \u00e0 l\u2019attention du Conseil des informations relatives aux incendies qui ont touch\u00e9es la for\u00eat de ZIAMA dans la r\u00e9gion de Nz\u00e9r\u00e9kor\u00e9 dont les origines sont domestiques. Elle a inform\u00e9 que celles-ci sont sous contr\u00f4les gr\u00e2ces aux concours des agents conservateurs de la for\u00eat en lien avec les communaut\u00e9s. Elle a obtenu du Conseil, l\u2019autorisation de faire une visite de terrain afin de s\u2019enqu\u00e9rir de la situation des forets. Une visite qui est en cours dans la r\u00e9gion foresti\u00e8re. Les Ministres en charge de la S\u00e9curit\u00e9 et de l\u2019Administration du Territoire ont offert leur soutien au Ministre de l\u2019Environnement et du D\u00e9veloppement Durable.<\/p>\n<p>&nbsp;<\/p>\n<p>Le Ministre de la Culture a inform\u00e9 le Conseil des malversations pr\u00e9sum\u00e9es de son agent comptable. L\u2019Agent judiciaire de l\u2019\u00c9tat a \u00e9t\u00e9 saisi.<\/p>\n<p>&nbsp;<\/p>\n<p>La Ministre des T\u00e9l\u00e9communications a inform\u00e9 le Conseil de l\u2019octroi de la licence 3G\/4G \u00e0 l\u2019op\u00e9rateur de t\u00e9l\u00e9phonie MTN. Elle a \u00e9galement inform\u00e9 de la signature d\u2019une licence avec le Groupe SMIG autour du projet de construction d\u2019un nouveau c\u00e2ble sous-marin Internet.<\/p>\n<p>&nbsp;<\/p>\n<p>Face \u00e0 la v\u00e9tust\u00e9 de certains d\u00e9partements,\u00a0<strong>le Ministre du Travail et de la Fonction publique et celui de l\u2019Enseignement technique<\/strong>\u00a0ont fait part au Conseil de leurs d\u00e9marches pour loger certains minist\u00e8res. Les co\u00fbts de location de certains b\u00e2timents \u00e9tant exorbitants en centre-ville,\u00a0<strong>le Pr\u00e9sident de la Transition<\/strong>\u00a0a une fois de plus insist\u00e9 sur la d\u00e9localisation des Minist\u00e8res en banlieue pour r\u00e9duire les co\u00fbts et soulager les travailleurs.<\/p>\n<p>&nbsp;<\/p>\n<p>Enfin, le\u00a0<strong>Ministre du Commerce, de l\u2019Industrie et des PME<\/strong>\u00a0a conclu par un compte rendu succinct de sa mission aux \u00c9mirats Arabes Unis lors du\u00a0<strong>Guinea Investment Forum \u00ab\u00a0GUIF\u00a0\u00bb<\/strong>. Il a inform\u00e9 le Conseil de la grande disposition des investisseurs internationaux \u00e0 venir investir en Guin\u00e9e.<\/p>\n<p>&nbsp;<\/p>\n<p>&nbsp;<\/p>\n<p><strong>\u00a0<\/strong><\/p>\n<p><strong>Conakry, le 17 f\u00e9vrier 2022<\/strong><\/p>\n<p><strong>\u00a0<\/strong><\/p>\n<p><strong>Le Conseil des Ministres<\/strong><\/p>\n<\/div>\n","protected":false},"excerpt":{"rendered":"<p>La Session Ordinaire du Conseil des Ministres s\u2019est tenue ce\u00a0jeudi 17 f\u00e9vrier 2022 de 10H \u00e0 12H, sous la haute autorit\u00e9 de son\u00a0Excellence Monsieur le Pr\u00e9sident du CNRD, Pr\u00e9sident de la Transition, Chef de l\u2019Etat, Chef Supr\u00eame des Arm\u00e9es, le Colonel Mamadi DOUMBOYA. &nbsp; Les points suivants \u00e9taient inscrits \u00e0 l\u2019ordre du jour\u00a0: &nbsp; MESSAGE [&hellip;]<\/p>\n","protected":false},"author":2,"featured_media":11802,"comment_status":"closed","ping_status":"closed","sticky":false,"template":"","format":"standard","meta":{"footnotes":""},"categories":[57],"tags":[],"class_list":{"0":"post-11801","1":"post","2":"type-post","3":"status-publish","4":"format-standard","5":"has-post-thumbnail","7":"category-politique"},"_links":{"self":[{"href":"https:\/\/conakrynews.org\/index.php\/wp-json\/wp\/v2\/posts\/11801","targetHints":{"allow":["GET"]}}],"collection":[{"href":"https:\/\/conakrynews.org\/index.php\/wp-json\/wp\/v2\/posts"}],"about":[{"href":"https:\/\/conakrynews.org\/index.php\/wp-json\/wp\/v2\/types\/post"}],"author":[{"embeddable":true,"href":"https:\/\/conakrynews.org\/index.php\/wp-json\/wp\/v2\/users\/2"}],"replies":[{"embeddable":true,"href":"https:\/\/conakrynews.org\/index.php\/wp-json\/wp\/v2\/comments?post=11801"}],"version-history":[{"count":0,"href":"https:\/\/conakrynews.org\/index.php\/wp-json\/wp\/v2\/posts\/11801\/revisions"}],"wp:featuredmedia":[{"embeddable":true,"href":"https:\/\/conakrynews.org\/index.php\/wp-json\/wp\/v2\/media\/11802"}],"wp:attachment":[{"href":"https:\/\/conakrynews.org\/index.php\/wp-json\/wp\/v2\/media?parent=11801"}],"wp:term":[{"taxonomy":"category","embeddable":true,"href":"https:\/\/conakrynews.org\/index.php\/wp-json\/wp\/v2\/categories?post=11801"},{"taxonomy":"post_tag","embeddable":true,"href":"https:\/\/conakrynews.org\/index.php\/wp-json\/wp\/v2\/tags?post=11801"}],"curies":[{"name":"wp","href":"https:\/\/api.w.org\/{rel}","templated":true}]}}