{"id":11862,"date":"2022-02-22T07:56:57","date_gmt":"2022-02-22T07:56:57","guid":{"rendered":"https:\/\/conakrynews.org\/?p=11862"},"modified":"2022-02-22T07:56:57","modified_gmt":"2022-02-22T07:56:57","slug":"diplomatie-le-president-colonel-mamadi-doumbouya-recoit-les-promus-du-ministere-des-affaires-etrangeres","status":"publish","type":"post","link":"https:\/\/conakrynews.org\/index.php\/diplomatie-le-president-colonel-mamadi-doumbouya-recoit-les-promus-du-ministere-des-affaires-etrangeres\/","title":{"rendered":"Diplomatie: le Pr\u00e9sident Colonel Mamadi Doumbouya re\u00e7oit les promus du Minist\u00e8re des Affaires Etrang\u00e8res"},"content":{"rendered":"<h1 class=\"name post-title entry-title\"><\/h1>\n<p class=\"post-meta\">\n<div class=\"clear\"><\/div>\n<div class=\"entry\">\n<p>Le Pr\u00e9sident de la Transition, le Colonel Mamadi DOUMBOUYA, a re\u00e7u ce lundi, 21 f\u00e9vrier 2021 au Palais Mohammed V, des hauts cadres du Minist\u00e8re des Affaires Etrang\u00e8res promus dans les diff\u00e9rentes missions diplomatiques de la Guin\u00e9e. Ce sont au total 34 personnes compos\u00e9es de d\u2019hommes et de femmes qui b\u00e9n\u00e9ficient de la confiance du Chef de l\u2019\u00c9tat pour rejoindre des Ambassades.<\/p>\n<p>En introduisant ces nouveaux promus, le Ministre des Affaires Etrang\u00e8res, de la Coop\u00e9ration internationale, de l\u2019Int\u00e9gration africaine et des Guin\u00e9ens de l\u2019Etranger, Dr Morissanda Kouyat\u00e9 a d\u00e9clar\u00e9 que la diplomatie est une partie importante de la refondation de l\u2019\u00c9tat que le gouvernement a engag\u00e9e.<br \/>\nSur cet \u00e9lan, il a rassur\u00e9 que son d\u00e9partement fera tout pour que la vision du CNRD soit traduite en actes concrets.<\/p>\n<p>Le porte-parole des nouveaux cadres promus, M. Als\u00e9ny Diallo a remerci\u00e9 le Pr\u00e9sident Colonel Mamadi DOUMBOUYA pour cette confiance.<br \/>\nIl a promis que les cadres promus mettront tout en \u0153uvre pour le rayonnement de la diplomatie guin\u00e9enne \u00e0 l\u2019ext\u00e9rieur.<br \/>\nLe Pr\u00e9sident de la Transition, le Colonel Mamadi DOUMBOUYA les a f\u00e9licit\u00e9s de la confiance plac\u00e9e en eux pour ces hautes fonctions au sein des diff\u00e9rentes missions diplomatiques. Pour le Chef de l\u2019\u00c9tat, cette confiance proc\u00e8de sans nul doute des qualit\u00e9s personnelles de ces hauts cadres, mais aussi de leur engagement \u00e0 s\u2019impliquer davantage dans la nouvelle dynamique engag\u00e9e dans notre pays. Une nouvelle dynamique engag\u00e9e dans le cadre de la refondation de l\u2019\u00c9tat : \u00ab Dans ce contexte, le Minist\u00e8re des Affaires Etrang\u00e8res, de l\u2019Int\u00e9gration Africaine et des Guin\u00e9ens de l\u2019Etranger a des responsabilit\u00e9s \u00e0 assumer aux niveaux int\u00e9rieur et ext\u00e9rieur. C\u2019est dans ce cadre que vous avez \u00e9t\u00e9 choisis pour porter haut le drapeau guin\u00e9en \u00e0 l\u2019ext\u00e9rieur et contribuer positivement au d\u00e9veloppement socio-\u00e9conomique de notre pays \u00bb a pr\u00e9cis\u00e9 le Pr\u00e9sident Colonel Mamadi DOUMBOUYA.<br \/>\nA ce titre, le Chef de l\u2019\u00c9tat pense que les promus ont une parfaite connaissance et une bonne compr\u00e9hension de la dynamique amorc\u00e9e dans notre pays. C\u2019est pourquoi, le Pr\u00e9sident Colonel Mamadi DOUMBOUYA esp\u00e8re que ces diplomates seront des acteurs \u00e0 la hauteur de la confiance plac\u00e9e en eux.<\/p>\n<p>\ud835\uddd7\ud835\uddf6\ud835\uddff\ud835\uddf2\ud835\uddf0\ud835\ude01\ud835\uddf6\ud835\uddfc\ud835\uddfb \ud835\uddf1\ud835\uddf2 \ud835\uddf9\ud835\uddee \ud835\uddd6\ud835\uddfc\ud835\uddfa\ud835\uddfa\ud835\ude02\ud835\uddfb\ud835\uddf6\ud835\uddf0\ud835\uddee\ud835\ude01\ud835\uddf6\ud835\uddfc\ud835\uddfb \ud835\uddf2\ud835\ude01 \ud835\uddf1\ud835\uddf2 \ud835\uddf9\u2019\ud835\udddc\ud835\uddfb\ud835\uddf3\ud835\uddfc\ud835\uddff\ud835\uddfa\ud835\uddee\ud835\ude01\ud835\uddf6\ud835\uddfc\ud835\uddfb<\/p>\n<\/div>\n","protected":false},"excerpt":{"rendered":"<p>Le Pr\u00e9sident de la Transition, le Colonel Mamadi DOUMBOUYA, a re\u00e7u ce lundi, 21 f\u00e9vrier 2021 au Palais Mohammed V, des hauts cadres du Minist\u00e8re des Affaires Etrang\u00e8res promus dans les diff\u00e9rentes missions diplomatiques de la Guin\u00e9e. Ce sont au total 34 personnes compos\u00e9es de d\u2019hommes et de femmes qui b\u00e9n\u00e9ficient de la confiance du [&hellip;]<\/p>\n","protected":false},"author":2,"featured_media":11863,"comment_status":"closed","ping_status":"closed","sticky":false,"template":"","format":"standard","meta":{"footnotes":""},"categories":[57],"tags":[],"class_list":{"0":"post-11862","1":"post","2":"type-post","3":"status-publish","4":"format-standard","5":"has-post-thumbnail","7":"category-politique"},"_links":{"self":[{"href":"https:\/\/conakrynews.org\/index.php\/wp-json\/wp\/v2\/posts\/11862","targetHints":{"allow":["GET"]}}],"collection":[{"href":"https:\/\/conakrynews.org\/index.php\/wp-json\/wp\/v2\/posts"}],"about":[{"href":"https:\/\/conakrynews.org\/index.php\/wp-json\/wp\/v2\/types\/post"}],"author":[{"embeddable":true,"href":"https:\/\/conakrynews.org\/index.php\/wp-json\/wp\/v2\/users\/2"}],"replies":[{"embeddable":true,"href":"https:\/\/conakrynews.org\/index.php\/wp-json\/wp\/v2\/comments?post=11862"}],"version-history":[{"count":0,"href":"https:\/\/conakrynews.org\/index.php\/wp-json\/wp\/v2\/posts\/11862\/revisions"}],"wp:featuredmedia":[{"embeddable":true,"href":"https:\/\/conakrynews.org\/index.php\/wp-json\/wp\/v2\/media\/11863"}],"wp:attachment":[{"href":"https:\/\/conakrynews.org\/index.php\/wp-json\/wp\/v2\/media?parent=11862"}],"wp:term":[{"taxonomy":"category","embeddable":true,"href":"https:\/\/conakrynews.org\/index.php\/wp-json\/wp\/v2\/categories?post=11862"},{"taxonomy":"post_tag","embeddable":true,"href":"https:\/\/conakrynews.org\/index.php\/wp-json\/wp\/v2\/tags?post=11862"}],"curies":[{"name":"wp","href":"https:\/\/api.w.org\/{rel}","templated":true}]}}