{"id":11872,"date":"2022-02-23T08:10:01","date_gmt":"2022-02-23T08:10:01","guid":{"rendered":"https:\/\/conakrynews.org\/?p=11872"},"modified":"2022-02-23T08:10:01","modified_gmt":"2022-02-23T08:10:01","slug":"nzerekore-tenue-de-latelier-de-capitalisation-des-acquis-du-projet-infrastructures-sociales-de-paix","status":"publish","type":"post","link":"https:\/\/conakrynews.org\/index.php\/nzerekore-tenue-de-latelier-de-capitalisation-des-acquis-du-projet-infrastructures-sociales-de-paix\/","title":{"rendered":"Nz\u00e9r\u00e9kor\u00e9: Tenue de l\u2019atelier de capitalisation des acquis du projet infrastructures sociales de Paix"},"content":{"rendered":"<h1 class=\"name post-title entry-title\"><\/h1>\n<p class=\"post-meta\">\n<div class=\"clear\"><\/div>\n<div class=\"entry\">\n<p>Nz\u00e9r\u00e9kor\u00e9 va abriter pour deux jours les travaux de l\u2019atelier de capitalisation des acquis du projet infrastructures sociales de Paix, \u00a0coordonn\u00e9 par Richard Kourouma. C\u2019est le Conseiller politique du Gouvernorat de Nz\u00e9r\u00e9kor\u00e9 et Directeur de Cabinet par int\u00e9rim M. Siba Kone, qui a officiellement lanc\u00e9 les travaux dans la matin\u00e9e de ce lundi 21 f\u00e9vrier 2022, en pr\u00e9sence de Mme Diariatou Diallo, Conseiller \u00e0 la Primature en charge des questions de l\u2019\u00e9ducation, du genre et de l\u2019inclusion sociale, des repr\u00e9sentants du Fonds de Consolidation de la Paix(PBF), du Repr\u00e9sentant du Minist\u00e8re de la Justice et Droits de l\u2019homme M. NFamara Camara, Directeur national des droits de l\u2019homme, du Directeur r\u00e9gional de l\u2019Economie des finances et du Plan, M. Keita, du Charg\u00e9 de programme Gouvernance et \u00c9tat de droit, M. Abdoul Latif Haidara ainsi que toute l\u2019Equipe du projet et des acteurs de Paix venus de toutes les pr\u00e9fectures de la R\u00e9gion foresti\u00e8re.<\/p>\n<p>&nbsp;<\/p>\n<p>La premi\u00e8re journ\u00e9e a \u00e9t\u00e9 marqu\u00e9e par la pr\u00e9sentation des r\u00e9sultats et changements induits du projet d\u2019appui aux infrastructures sociales de Paix et la pr\u00e9sentation du Documentaire du activit\u00e9s HIMO (Travaux \u00e0 Haute intensit\u00e9 de Main d\u2019\u0153uvre) \u00e0 Conakry et la pr\u00e9sentation et \u00e9changes autour du Projet de Cadre conceptuel de l\u2019Architecture Nationale de Paix.<\/p>\n<p>&nbsp;<\/p>\n<p>Ainsi, dans la perspective de la cl\u00f4ture du Projet d\u2019appui \u00e0 la participation des jeunes \u00e0 la pr\u00e9vention des conflits en p\u00e9riode \u00e9lectorale et \u00e0 la p\u00e9rennisation des synergies locales des acteurs de paix en Guin\u00e9e foresti\u00e8re, pr\u00e9vue le 31 Mars 2022, le Gouvernement en partenariat avec le PNUD a jug\u00e9 n\u00e9cessaire et opportun d\u2019organiser cet atelier de capitalisation des acquis des Synergies locales des acteurs de paix aux niveaux communal, pr\u00e9fectoral et r\u00e9gional afin d\u2019\u00e9valuer leur apport et impact en mati\u00e8re de pr\u00e9vention des conflits et consolidation de la Paix dans la R\u00e9gion foresti\u00e8re mais \u00e9galement r\u00e9fl\u00e9chir sur les meilleurs plans et strat\u00e9gies de p\u00e9rennisation de leurs acquis.<\/p>\n<p>&nbsp;<\/p>\n<p><strong>A Propos du Projet<\/strong>\u00a0: Le projet\u00a0<strong><em>d\u2019\u00ab Appui \u00e0 la participation des jeunes \u00e0 la pr\u00e9vention des conflits en p\u00e9riode \u00e9lectorale et \u00e0 la p\u00e9rennisation des Synergies locales des acteurs de paix en Guin\u00e9e foresti\u00e8re \u00bb,<\/em><\/strong>\u00a0financ\u00e9 par le Fonds de Consolidation de la Paix (PBF) intervient dans deux (2) r\u00e9gions du pays notamment le Gouvernorat de Conakry et la Guin\u00e9e foresti\u00e8re. Il cible la Capitale Conakry pour la transformation des jeunes \u00e0 risque en acteurs de paix \u00e0 travers les travaux \u00e0 Haute Intensit\u00e9 de Main d\u2019\u0153uvre (HIMO) et l\u2019Architecture Nationale de Paix (ANP), tandis qu\u2019en r\u00e9gion foresti\u00e8re les Infrastructures Sociales de Paix (ISP) seront renforc\u00e9es pour contribuer \u00e0 mettre en \u0153uvre un syst\u00e8me d\u2019alerte pr\u00e9coce et la pr\u00e9vention des conflits avec une implication active des jeunes et des femmes.<\/p>\n<p>&nbsp;<\/p>\n<p><strong>Avec PNUD-Guin\u00e9e<\/strong><\/p>\n<\/div>\n","protected":false},"excerpt":{"rendered":"<p>Nz\u00e9r\u00e9kor\u00e9 va abriter pour deux jours les travaux de l\u2019atelier de capitalisation des acquis du projet infrastructures sociales de Paix, \u00a0coordonn\u00e9 par Richard Kourouma. C\u2019est le Conseiller politique du Gouvernorat de Nz\u00e9r\u00e9kor\u00e9 et Directeur de Cabinet par int\u00e9rim M. Siba Kone, qui a officiellement lanc\u00e9 les travaux dans la matin\u00e9e de ce lundi 21 f\u00e9vrier [&hellip;]<\/p>\n","protected":false},"author":2,"featured_media":11873,"comment_status":"closed","ping_status":"closed","sticky":false,"template":"","format":"standard","meta":{"footnotes":""},"categories":[58],"tags":[],"class_list":{"0":"post-11872","1":"post","2":"type-post","3":"status-publish","4":"format-standard","5":"has-post-thumbnail","7":"category-societe"},"_links":{"self":[{"href":"https:\/\/conakrynews.org\/index.php\/wp-json\/wp\/v2\/posts\/11872","targetHints":{"allow":["GET"]}}],"collection":[{"href":"https:\/\/conakrynews.org\/index.php\/wp-json\/wp\/v2\/posts"}],"about":[{"href":"https:\/\/conakrynews.org\/index.php\/wp-json\/wp\/v2\/types\/post"}],"author":[{"embeddable":true,"href":"https:\/\/conakrynews.org\/index.php\/wp-json\/wp\/v2\/users\/2"}],"replies":[{"embeddable":true,"href":"https:\/\/conakrynews.org\/index.php\/wp-json\/wp\/v2\/comments?post=11872"}],"version-history":[{"count":0,"href":"https:\/\/conakrynews.org\/index.php\/wp-json\/wp\/v2\/posts\/11872\/revisions"}],"wp:featuredmedia":[{"embeddable":true,"href":"https:\/\/conakrynews.org\/index.php\/wp-json\/wp\/v2\/media\/11873"}],"wp:attachment":[{"href":"https:\/\/conakrynews.org\/index.php\/wp-json\/wp\/v2\/media?parent=11872"}],"wp:term":[{"taxonomy":"category","embeddable":true,"href":"https:\/\/conakrynews.org\/index.php\/wp-json\/wp\/v2\/categories?post=11872"},{"taxonomy":"post_tag","embeddable":true,"href":"https:\/\/conakrynews.org\/index.php\/wp-json\/wp\/v2\/tags?post=11872"}],"curies":[{"name":"wp","href":"https:\/\/api.w.org\/{rel}","templated":true}]}}