{"id":11893,"date":"2022-02-24T06:52:35","date_gmt":"2022-02-24T06:52:35","guid":{"rendered":"https:\/\/conakrynews.org\/?p=11893"},"modified":"2022-02-24T06:52:35","modified_gmt":"2022-02-24T06:52:35","slug":"guinee-le-budget-de-la-presidence-du-regime-dechu-etait-de-1440-milliards-gnf-contre-725-milliards-gnf-de-la-transition","status":"publish","type":"post","link":"https:\/\/conakrynews.org\/index.php\/guinee-le-budget-de-la-presidence-du-regime-dechu-etait-de-1440-milliards-gnf-contre-725-milliards-gnf-de-la-transition\/","title":{"rendered":"Guin\u00e9e : le budget de la pr\u00e9sidence du r\u00e9gime d\u00e9chu \u00e9tait de 1440 milliards GNF contre 725 milliards GNF de la Transition"},"content":{"rendered":"<h1 class=\"name post-title entry-title\"><\/h1>\n<p class=\"post-meta\">\n<div class=\"clear\"><\/div>\n<div class=\"entry\">\n<p>Le ministre du budget, Moussa Ciss\u00e9 s\u2019est prononc\u00e9 dans la soir\u00e9e du mardi, 22 f\u00e9vrier 2022 \u00e0 la RTG sur la situation du budget de la pr\u00e9sidence de la transition apr\u00e8s des rumeurs qui annon\u00e7aient qu\u2019il (budget) \u00e9tait revu \u00e0 la hausse.<\/p>\n<p>Selon le ministre Moussa Ciss\u00e9, le budget de la Pr\u00e9sidence de la R\u00e9publique sous l\u2019\u00e8re Alpha Cond\u00e9, il y avait deux codes : le 1<sup>er<\/sup>\u00a0avec un code (01) pour 667 milliards GNF et le 2<sup>\u00e8me<\/sup>\u00a0avec le code (98) intitul\u00e9 \u2018\u2019autres d\u00e9penses de la Pr\u00e9sidence de la R\u00e9publique\u2019\u2019. Sur cette ligne, \u00e9tait affect\u00e9 377 milliards GNF.<\/p>\n<p>\u00ab En plus de ces deux codes, le code (99) portant d\u00e9penses communes \u00e9tait utilis\u00e9 par la Pr\u00e9sidence \u00e0 hauteur de 436 milliards GNF. Cela fait un total cumul\u00e9 de 1440 milliards sur le budget de l\u2019ancienne Pr\u00e9sidence contre 725 milliards GNF dans le budget de la refondation, consacr\u00e9 \u00e0 la Pr\u00e9sidence de la Transition. La baisse constat\u00e9e est de 51% .\u00bb A-t-il pr\u00e9cis\u00e9 le ministre du budget.<\/p>\n<p>Dans le m\u00eame sillage, il a indiqu\u00e9 que la diff\u00e9rence budg\u00e9taire est orient\u00e9e au financement des projets prioritaires du gouvernement : sant\u00e9, \u00e9ducation, agriculture et autres investissements.<\/p>\n<p>\u00c0 noter que la situation du budget de la pr\u00e9sidence de la R\u00e9publique sous l\u2019\u00e8re Colonel Mamadi Doumbouya \u00e9tait l\u2019un des sujets d\u00e9battus par les internautes dans la journ\u00e9e du mardi dont certains annoncent qu\u2019il (budget de la pr\u00e9sidence) a \u00e9t\u00e9 revu \u00e0 la hausse.<\/p>\n<p>&nbsp;<\/p>\n<p><strong>Karifa Zoumanigui<\/strong><\/p>\n<\/div>\n","protected":false},"excerpt":{"rendered":"<p>Le ministre du budget, Moussa Ciss\u00e9 s\u2019est prononc\u00e9 dans la soir\u00e9e du mardi, 22 f\u00e9vrier 2022 \u00e0 la RTG sur la situation du budget de la pr\u00e9sidence de la transition apr\u00e8s des rumeurs qui annon\u00e7aient qu\u2019il (budget) \u00e9tait revu \u00e0 la hausse. Selon le ministre Moussa Ciss\u00e9, le budget de la Pr\u00e9sidence de la R\u00e9publique [&hellip;]<\/p>\n","protected":false},"author":2,"featured_media":11894,"comment_status":"closed","ping_status":"closed","sticky":false,"template":"","format":"standard","meta":{"footnotes":""},"categories":[58],"tags":[],"class_list":{"0":"post-11893","1":"post","2":"type-post","3":"status-publish","4":"format-standard","5":"has-post-thumbnail","7":"category-societe"},"_links":{"self":[{"href":"https:\/\/conakrynews.org\/index.php\/wp-json\/wp\/v2\/posts\/11893","targetHints":{"allow":["GET"]}}],"collection":[{"href":"https:\/\/conakrynews.org\/index.php\/wp-json\/wp\/v2\/posts"}],"about":[{"href":"https:\/\/conakrynews.org\/index.php\/wp-json\/wp\/v2\/types\/post"}],"author":[{"embeddable":true,"href":"https:\/\/conakrynews.org\/index.php\/wp-json\/wp\/v2\/users\/2"}],"replies":[{"embeddable":true,"href":"https:\/\/conakrynews.org\/index.php\/wp-json\/wp\/v2\/comments?post=11893"}],"version-history":[{"count":0,"href":"https:\/\/conakrynews.org\/index.php\/wp-json\/wp\/v2\/posts\/11893\/revisions"}],"wp:featuredmedia":[{"embeddable":true,"href":"https:\/\/conakrynews.org\/index.php\/wp-json\/wp\/v2\/media\/11894"}],"wp:attachment":[{"href":"https:\/\/conakrynews.org\/index.php\/wp-json\/wp\/v2\/media?parent=11893"}],"wp:term":[{"taxonomy":"category","embeddable":true,"href":"https:\/\/conakrynews.org\/index.php\/wp-json\/wp\/v2\/categories?post=11893"},{"taxonomy":"post_tag","embeddable":true,"href":"https:\/\/conakrynews.org\/index.php\/wp-json\/wp\/v2\/tags?post=11893"}],"curies":[{"name":"wp","href":"https:\/\/api.w.org\/{rel}","templated":true}]}}