{"id":11913,"date":"2022-02-25T09:39:33","date_gmt":"2022-02-25T09:39:33","guid":{"rendered":"https:\/\/conakrynews.org\/?p=11913"},"modified":"2022-02-25T09:39:33","modified_gmt":"2022-02-25T09:39:33","slug":"guerre-en-ukraine-combats-en-cours-a-kiev-mobilisation-generale-dans-le-pays","status":"publish","type":"post","link":"https:\/\/conakrynews.org\/index.php\/guerre-en-ukraine-combats-en-cours-a-kiev-mobilisation-generale-dans-le-pays\/","title":{"rendered":"Guerre en Ukraine: combats en cours \u00e0 Kiev, mobilisation g\u00e9n\u00e9rale dans le pays"},"content":{"rendered":"<h1 class=\"name post-title entry-title\"><\/h1>\n<p class=\"post-meta\">\n<div class=\"clear\"><\/div>\n<div class=\"entry\">\n<p>Au deuxi\u00e8me jour de l\u2019offensive russe en Ukraine,\u00a0la mobilisation g\u00e9n\u00e9rale a sonn\u00e9 dans le pays.\u00a0Kiev est la cible de tirs de missiles et des combats sont en cours dans le nord de la capitale ukrainienne. Un sommet de l\u2019Otan doit se tenir ce vendredi en visioconf\u00e9rence.<\/p>\n<p>Ce vendredi, tous les regards sont tourn\u00e9s\u00a0<strong>vers la capitale Kiev, cible de tirs de missiles\u00a0<\/strong>et\u00a0o\u00f9 des\u00a0<strong>\u00ab<\/strong>\u00a0<strong><em>groupes de sabotage<\/em>\u00a0\u00bb<\/strong>\u00a0russes seraient actuellement \u00e0 l\u2019\u0153uvre, selon le chef de l\u2019\u00c9tat ukrainien qui s\u2019est dit \u00ab<em>\u00a0cible num\u00e9ro un<\/em>\u00a0\u00bb de Moscou. L\u2019arm\u00e9e russe se rapproche de la capitale, des combats sont en cours au nord de la ville.<\/p>\n<p>Des combats sont en cours dans de nombreuses r\u00e9gions du pays.<strong>\u00a0La mobilisation g\u00e9n\u00e9rale a \u00e9t\u00e9 d\u00e9cr\u00e9t\u00e9e c\u00f4t\u00e9 ukrainien.<\/strong>\u00a0Le\u00a0<strong>bilan humain<\/strong>\u00a0<strong>provisoire\u00a0<\/strong>donn\u00e9\u00a0jeudi soir par le pr\u00e9sident ukrainien fait \u00e9tat de 137 morts et 316 bless\u00e9s au combat. Par ailleurs, des cohortes de\u00a0<strong>r\u00e9fugi\u00e9s, 100 000 selon l\u2019ONU,<\/strong>\u00a0ont fui le pays vers les pays voisins comme la Pologne.<\/p>\n<p>\u25ba\u00a0<strong>Un sommet de l\u2019Otan<\/strong>\u00a0doit se tenir ce vendredi en visioconf\u00e9rence.\u00a0Les \u00c9tats-Unis d\u00e9fendront \u00ab<em>\u00a0le moindre pouce de territoire de l\u2019Otan\u00a0<\/em>\u00bb\u00a0mais n\u2019enverront pas de troupes en Ukraine, a annonc\u00e9 le pr\u00e9sident am\u00e9ricain Joe Biden.\u00a0Plusieurs\u00a0<a href=\"https:\/\/www.rfi.fr\/fr\/%C3%A9conomie\/20220224-guerre-en-ukraine-les-occidentaux-durcissent-leurs-sanctions-contre-la-russie\" target=\"_self\" rel=\"noopener noreferrer\"><strong>trains de sanctions<\/strong><\/a>\u00a0ont \u00e9t\u00e9 d\u00e9cid\u00e9s par l\u2019Union europ\u00e9enne, mais aussi les \u00c9tats-Unis, le Royaume-Uni et le Canada. Elles\u00a0visent essentiellement le secteur bancaire, les importations technologiques et des proches du pouvoir.<\/p>\n<p>\u25ba Jeudi matin 24 f\u00e9vrier\u00a0\u00e0 l\u2019aube, le pr\u00e9sident russe Vladimir Poutine avait annonc\u00e9 lors d\u2019une intervention t\u00e9l\u00e9vis\u00e9e une\u00a0<strong>\u00ab\u00a0<em>op\u00e9ration militaire<\/em>\u00a0\u00bb<\/strong>\u00a0sp\u00e9ciale en Ukraine.\u00a0\u00ab\u00a0<em>Nous nous efforcerons d\u2019arriver \u00e0 une d\u00e9militarisation et une d\u00e9nazification de l\u2019Ukraine<\/em>\u00a0\u00bb, avait-il d\u00e9clar\u00e9.<\/p>\n<p>&nbsp;<\/p>\n<p>Avec RFI<\/p>\n<\/div>\n","protected":false},"excerpt":{"rendered":"<p>Au deuxi\u00e8me jour de l\u2019offensive russe en Ukraine,\u00a0la mobilisation g\u00e9n\u00e9rale a sonn\u00e9 dans le pays.\u00a0Kiev est la cible de tirs de missiles et des combats sont en cours dans le nord de la capitale ukrainienne. Un sommet de l\u2019Otan doit se tenir ce vendredi en visioconf\u00e9rence. Ce vendredi, tous les regards sont tourn\u00e9s\u00a0vers la capitale [&hellip;]<\/p>\n","protected":false},"author":2,"featured_media":11914,"comment_status":"closed","ping_status":"closed","sticky":false,"template":"","format":"standard","meta":{"footnotes":""},"categories":[58],"tags":[],"class_list":{"0":"post-11913","1":"post","2":"type-post","3":"status-publish","4":"format-standard","5":"has-post-thumbnail","7":"category-societe"},"_links":{"self":[{"href":"https:\/\/conakrynews.org\/index.php\/wp-json\/wp\/v2\/posts\/11913","targetHints":{"allow":["GET"]}}],"collection":[{"href":"https:\/\/conakrynews.org\/index.php\/wp-json\/wp\/v2\/posts"}],"about":[{"href":"https:\/\/conakrynews.org\/index.php\/wp-json\/wp\/v2\/types\/post"}],"author":[{"embeddable":true,"href":"https:\/\/conakrynews.org\/index.php\/wp-json\/wp\/v2\/users\/2"}],"replies":[{"embeddable":true,"href":"https:\/\/conakrynews.org\/index.php\/wp-json\/wp\/v2\/comments?post=11913"}],"version-history":[{"count":0,"href":"https:\/\/conakrynews.org\/index.php\/wp-json\/wp\/v2\/posts\/11913\/revisions"}],"wp:featuredmedia":[{"embeddable":true,"href":"https:\/\/conakrynews.org\/index.php\/wp-json\/wp\/v2\/media\/11914"}],"wp:attachment":[{"href":"https:\/\/conakrynews.org\/index.php\/wp-json\/wp\/v2\/media?parent=11913"}],"wp:term":[{"taxonomy":"category","embeddable":true,"href":"https:\/\/conakrynews.org\/index.php\/wp-json\/wp\/v2\/categories?post=11913"},{"taxonomy":"post_tag","embeddable":true,"href":"https:\/\/conakrynews.org\/index.php\/wp-json\/wp\/v2\/tags?post=11913"}],"curies":[{"name":"wp","href":"https:\/\/api.w.org\/{rel}","templated":true}]}}