{"id":11916,"date":"2022-02-26T08:45:53","date_gmt":"2022-02-26T08:45:53","guid":{"rendered":"https:\/\/conakrynews.org\/?p=11916"},"modified":"2022-02-26T08:45:53","modified_gmt":"2022-02-26T08:45:53","slug":"guinee-un-ressortissant-belge-accuse-de-pedophilie-sur-des-jeunes-garcons-dont-lage-varie-entre-6-et-12-ans","status":"publish","type":"post","link":"https:\/\/conakrynews.org\/index.php\/guinee-un-ressortissant-belge-accuse-de-pedophilie-sur-des-jeunes-garcons-dont-lage-varie-entre-6-et-12-ans\/","title":{"rendered":"Guin\u00e9e: Un ressortissant Belge accus\u00e9 de p\u00e9dophilie sur des jeunes gar\u00e7ons dont l\u2019\u00e2ge varie entre 6 et 12 ans"},"content":{"rendered":"<h1 class=\"name post-title entry-title\"><\/h1>\n<p class=\"post-meta\">\n<div class=\"clear\"><\/div>\n<div class=\"entry\">\n<p>Alain G. , ressortissant Belge \u00e2g\u00e9 de 67 ans accus\u00e9 de p\u00e9dophilie sur des jeunes gar\u00e7ons dont l\u2019\u00e2ge varie entre 6 et 12 ans aurait \u00e9t\u00e9 pris en flagrant d\u00e9lit par la police. Aujourd\u2019hui sous mandat \u00e0 la police, la presum\u00e9 n\u2019a pas accept\u00e9 de se pr\u00eater aux questions des journalistes qui \u00e9taient pr\u00e9sents pour la m\u00e9diatisation. Son avocat Me Kamano Joseph s\u2019est cat\u00e9goriquement oppos\u00e9 citant le droit \u00e0 l\u2019image de son client. Pendant que certains enfants reconnaissent des actes sexuels, d\u2019autres nient tout contact sexuel, fait qui est \u00e9tonnant car ils avaient \u00e9t\u00e9 auditionn\u00e9s devant leurs parents et assistants sociaux des jours auparavant o\u00f9 ils reconnaissaient tous les actes subits et corroborer par le m\u00e9decin l\u00e9giste.<\/p>\n<p>Pour certains, le changement de version de certains enfants serait du fait qu\u2019ils aient subit des pressions quand ils sont retourn\u00e9s dans leur habitat apr\u00e8s audition.<br \/>\nC\u2019est pourquoi il est lieu ici de plaider pour un centre d\u2019accueil des victimes pour ne pas que celles ci soient influenc\u00e9es par les pesanteurs sociaux avant le d\u00e9ferement des pr\u00e9sum\u00e9s coupables.<\/p>\n<p>&nbsp;<\/p>\n<p><strong>Avec PFFG<\/strong><\/p>\n<\/div>\n","protected":false},"excerpt":{"rendered":"<p>Alain G. , ressortissant Belge \u00e2g\u00e9 de 67 ans accus\u00e9 de p\u00e9dophilie sur des jeunes gar\u00e7ons dont l\u2019\u00e2ge varie entre 6 et 12 ans aurait \u00e9t\u00e9 pris en flagrant d\u00e9lit par la police. Aujourd\u2019hui sous mandat \u00e0 la police, la presum\u00e9 n\u2019a pas accept\u00e9 de se pr\u00eater aux questions des journalistes qui \u00e9taient pr\u00e9sents pour [&hellip;]<\/p>\n","protected":false},"author":2,"featured_media":11917,"comment_status":"closed","ping_status":"closed","sticky":false,"template":"","format":"standard","meta":{"footnotes":""},"categories":[58],"tags":[],"class_list":{"0":"post-11916","1":"post","2":"type-post","3":"status-publish","4":"format-standard","5":"has-post-thumbnail","7":"category-societe"},"_links":{"self":[{"href":"https:\/\/conakrynews.org\/index.php\/wp-json\/wp\/v2\/posts\/11916","targetHints":{"allow":["GET"]}}],"collection":[{"href":"https:\/\/conakrynews.org\/index.php\/wp-json\/wp\/v2\/posts"}],"about":[{"href":"https:\/\/conakrynews.org\/index.php\/wp-json\/wp\/v2\/types\/post"}],"author":[{"embeddable":true,"href":"https:\/\/conakrynews.org\/index.php\/wp-json\/wp\/v2\/users\/2"}],"replies":[{"embeddable":true,"href":"https:\/\/conakrynews.org\/index.php\/wp-json\/wp\/v2\/comments?post=11916"}],"version-history":[{"count":0,"href":"https:\/\/conakrynews.org\/index.php\/wp-json\/wp\/v2\/posts\/11916\/revisions"}],"wp:featuredmedia":[{"embeddable":true,"href":"https:\/\/conakrynews.org\/index.php\/wp-json\/wp\/v2\/media\/11917"}],"wp:attachment":[{"href":"https:\/\/conakrynews.org\/index.php\/wp-json\/wp\/v2\/media?parent=11916"}],"wp:term":[{"taxonomy":"category","embeddable":true,"href":"https:\/\/conakrynews.org\/index.php\/wp-json\/wp\/v2\/categories?post=11916"},{"taxonomy":"post_tag","embeddable":true,"href":"https:\/\/conakrynews.org\/index.php\/wp-json\/wp\/v2\/tags?post=11916"}],"curies":[{"name":"wp","href":"https:\/\/api.w.org\/{rel}","templated":true}]}}