{"id":11963,"date":"2022-03-01T07:31:02","date_gmt":"2022-03-01T07:31:02","guid":{"rendered":"https:\/\/conakrynews.org\/?p=11963"},"modified":"2022-03-01T07:31:02","modified_gmt":"2022-03-01T07:31:02","slug":"guinee-transition-une-mission-conjointe-onu-cedeao-sejourne-a-conakry","status":"publish","type":"post","link":"https:\/\/conakrynews.org\/index.php\/guinee-transition-une-mission-conjointe-onu-cedeao-sejourne-a-conakry\/","title":{"rendered":"Guin\u00e9e\/Transition: Une mission conjointe ONU-CEDEAO s\u00e9journe \u00e0 Conakry"},"content":{"rendered":"<h1 class=\"name post-title entry-title\"><\/h1>\n<p class=\"post-meta\">\n<div class=\"clear\"><\/div>\n<div class=\"entry\">\n<p>Conakry, le 28 F\u00e9vrier 2022 \u2013 Une mission conjointe ONU-CEDEAO a \u00e9t\u00e9 re\u00e7ue ce lundi par le Premier ministre Mohamed B\u00e9avogui. Selon le Repr\u00e9sentant sp\u00e9cial des Nations Unies pour l\u2019Afrique de l\u2019Ouest et du Sahel, la mission est venue s\u2019enqu\u00e9rir du d\u00e9roulement de la transition. Mahamat Annadif Saleh a assur\u00e9 de l\u2019 accompagnement des institutions sous r\u00e9gionale et des nations unies pour la r\u00e9ussite de la transition.<\/p>\n<p>Avant le palais de la Colombe, la mission conjointe s\u2019est entretenue s\u00e9par\u00e9ment avec la communaut\u00e9 diplomatique et les membres du Conseil National de Transition.<\/p>\n<p>En fin de soir\u00e9e, la mission conjointe ONU-CEDEAO a \u00e9t\u00e9 re\u00e7ue par le Pr\u00e9sident de la Transition en pr\u00e9sence du Premier ministre et du Minist\u00e8re des Affaires \u00c9trang\u00e8res. Partout un dialogue franc et direct a eu lieu. Pour le premier ministre Mohamed B\u00e9avogui, il s\u2019agit d\u2019une \u2018\u2019visite de famille\u2019\u2019.<\/p>\n<p>&nbsp;<\/p>\n<p><strong>Avec la cellule de comm de la primature<\/strong><\/p>\n<\/div>\n","protected":false},"excerpt":{"rendered":"<p>Conakry, le 28 F\u00e9vrier 2022 \u2013 Une mission conjointe ONU-CEDEAO a \u00e9t\u00e9 re\u00e7ue ce lundi par le Premier ministre Mohamed B\u00e9avogui. Selon le Repr\u00e9sentant sp\u00e9cial des Nations Unies pour l\u2019Afrique de l\u2019Ouest et du Sahel, la mission est venue s\u2019enqu\u00e9rir du d\u00e9roulement de la transition. Mahamat Annadif Saleh a assur\u00e9 de l\u2019 accompagnement des institutions [&hellip;]<\/p>\n","protected":false},"author":2,"featured_media":11964,"comment_status":"closed","ping_status":"closed","sticky":false,"template":"","format":"standard","meta":{"footnotes":""},"categories":[57],"tags":[],"class_list":{"0":"post-11963","1":"post","2":"type-post","3":"status-publish","4":"format-standard","5":"has-post-thumbnail","7":"category-politique"},"_links":{"self":[{"href":"https:\/\/conakrynews.org\/index.php\/wp-json\/wp\/v2\/posts\/11963","targetHints":{"allow":["GET"]}}],"collection":[{"href":"https:\/\/conakrynews.org\/index.php\/wp-json\/wp\/v2\/posts"}],"about":[{"href":"https:\/\/conakrynews.org\/index.php\/wp-json\/wp\/v2\/types\/post"}],"author":[{"embeddable":true,"href":"https:\/\/conakrynews.org\/index.php\/wp-json\/wp\/v2\/users\/2"}],"replies":[{"embeddable":true,"href":"https:\/\/conakrynews.org\/index.php\/wp-json\/wp\/v2\/comments?post=11963"}],"version-history":[{"count":0,"href":"https:\/\/conakrynews.org\/index.php\/wp-json\/wp\/v2\/posts\/11963\/revisions"}],"wp:featuredmedia":[{"embeddable":true,"href":"https:\/\/conakrynews.org\/index.php\/wp-json\/wp\/v2\/media\/11964"}],"wp:attachment":[{"href":"https:\/\/conakrynews.org\/index.php\/wp-json\/wp\/v2\/media?parent=11963"}],"wp:term":[{"taxonomy":"category","embeddable":true,"href":"https:\/\/conakrynews.org\/index.php\/wp-json\/wp\/v2\/categories?post=11963"},{"taxonomy":"post_tag","embeddable":true,"href":"https:\/\/conakrynews.org\/index.php\/wp-json\/wp\/v2\/tags?post=11963"}],"curies":[{"name":"wp","href":"https:\/\/api.w.org\/{rel}","templated":true}]}}