{"id":12013,"date":"2022-03-05T11:19:12","date_gmt":"2022-03-05T11:19:12","guid":{"rendered":"https:\/\/conakrynews.org\/?p=12013"},"modified":"2022-03-05T11:19:12","modified_gmt":"2022-03-05T11:19:12","slug":"visite-du-chef-supreme-des-armees-colonel-mamadi-doumbouya-au-camp-kalako-de-forecariah","status":"publish","type":"post","link":"https:\/\/conakrynews.org\/index.php\/visite-du-chef-supreme-des-armees-colonel-mamadi-doumbouya-au-camp-kalako-de-forecariah\/","title":{"rendered":"Visite du chef supr\u00e8me des arm\u00e9es, Colonel Mamadi Doumbouya au camp Kalako de For\u00e9cariah"},"content":{"rendered":"<h1 class=\"name post-title entry-title\"><\/h1>\n<p class=\"post-meta\">\n<div class=\"clear\"><\/div>\n<div class=\"entry\">\n<p>Le Pr\u00e9sident de la Transition, le Chef de l\u2019Etat a effectu\u00e9 une visite au centre de formation du Groupement des Forces Sp\u00e9ciales de Kalako dans la pr\u00e9fecture de FORECARIAH, ce vendredi matin, 04 mars 2022 .<\/p>\n<p>Plus de 100 km de la capitale, voil\u00e0 le trajet parcouru pour arriver \u00e0 destination. Cette longue travers\u00e9e \u00e9tait un retour \u00e0 la source pour le Pr\u00e9sident de la Transition, qui revisite le Camp du Groupement des Forces Sp\u00e9ciales, une force d\u2019\u00e9lites que le nouveau Chef Supr\u00eame des ARM\u00c9ES a dirig\u00e9e.<br \/>\nCette visite est pleine de souvenirs et de hauts faits. Car, c\u2019est ici o\u00f9 tout a commenc\u00e9.<br \/>\nC\u2019est ce centre de kalako qui a donn\u00e9 naissance \u00e0 la date historique et lib\u00e9ratrice du 05 septembre 2021.<\/p>\n<p>Au centre de kalako, l\u2019accueil \u00e9tait des plus enthousiastes.<br \/>\nle contact avec les troupes d\u00e9gage une ferveur sp\u00e9ciale.<br \/>\nC\u2019est sous les couleurs nationales, au beau milieu du centre, entour\u00e9 des hommes en uniforme, que le chef de l\u2019\u00c9tat s\u2019est adress\u00e9 aux Forces de d\u00e9fense, avec le franc-parler et la simplicit\u00e9 qui le caract\u00e9risent.<br \/>\nLe rappel \u00e0 l\u2019ordre, \u00e0 la discipline, au devoir patriotique, \u00e0 la d\u00e9fense de la Guin\u00e9e et des Guin\u00e9ens, \u00e9taient entre autres propos tenus par le Pr\u00e9sident de la Transition.<\/p>\n<p>Pour lui, la mission n\u2019a pas chang\u00e9 : celle de se mettre au service de la Nation guin\u00e9enne.<br \/>\nLe CNRD doit continuer sur les objectifs qu\u2019il s\u2019est fix\u00e9 depuis le d\u00e9but de la Transition, il y a de cela 6 mois.<br \/>\nAujourd\u2019hui, le peuple de Guin\u00e9e porte toute sa confiance sur le CNRD, avec \u00e0 sa t\u00eate, Colonel Mamadi Doumbouya, afin de changer qualitativement ses conditions d\u2019existence, et de lui faire vivre des instants heureux.<br \/>\nLa visite dans la pr\u00e9fecture de FORECARIAH s\u2019est termin\u00e9e par l\u2019accomplissement de la pri\u00e8re du vendredi dans la Mosqu\u00e9e avec les fid\u00e8les musulmans o\u00f9 Autorit\u00e9s administratives, religieuses et populations \u00e0 la base, \u00e9taient pr\u00e9sentes pour partager ce moment de recueillement et d\u2019adoration avec le Pr\u00e9sident de la Transition.<\/p>\n<p>\ud835\uddd7\ud835\uddf6\ud835\uddff\ud835\uddf2\ud835\uddf0\ud835\ude01\ud835\uddf6\ud835\uddfc\ud835\uddfb \ud835\uddf1\ud835\uddf2 \ud835\uddf9\ud835\uddee \ud835\uddd6\ud835\uddfc\ud835\uddfa\ud835\uddfa\ud835\ude02\ud835\uddfb\ud835\uddf6\ud835\uddf0\ud835\uddee\ud835\ude01\ud835\uddf6\ud835\uddfc\ud835\uddfb \ud835\uddf2\ud835\ude01 \ud835\uddf1\ud835\uddf2 \ud835\uddf9\u2019\ud835\udddc\ud835\uddfb\ud835\uddf3\ud835\uddfc\ud835\uddff\ud835\uddfa\ud835\uddee\ud835\ude01\ud835\uddf6\ud835\uddfc\ud835\uddfb \ud835\uddf1\ud835\uddf2 \ud835\uddf9\ud835\uddee \ud835\udde3\ud835\uddff\ud835\uddf2\u0301\ud835\ude00\ud835\uddf6\ud835\uddf1\ud835\uddf2\ud835\uddfb\ud835\uddf0\ud835\uddf2 \ud835\uddf1\ud835\uddf2 \ud835\uddf9\ud835\uddee \ud835\udde5\ud835\uddf2\u0301\ud835\uddfd\ud835\ude02\ud835\uddef\ud835\uddf9\ud835\uddf6\ud835\uddfe\ud835\ude02\ud835\uddf2.<\/p>\n<\/div>\n","protected":false},"excerpt":{"rendered":"<p>Le Pr\u00e9sident de la Transition, le Chef de l\u2019Etat a effectu\u00e9 une visite au centre de formation du Groupement des Forces Sp\u00e9ciales de Kalako dans la pr\u00e9fecture de FORECARIAH, ce vendredi matin, 04 mars 2022 . Plus de 100 km de la capitale, voil\u00e0 le trajet parcouru pour arriver \u00e0 destination. Cette longue travers\u00e9e \u00e9tait [&hellip;]<\/p>\n","protected":false},"author":2,"featured_media":12014,"comment_status":"closed","ping_status":"closed","sticky":false,"template":"","format":"standard","meta":{"footnotes":""},"categories":[58],"tags":[],"class_list":{"0":"post-12013","1":"post","2":"type-post","3":"status-publish","4":"format-standard","5":"has-post-thumbnail","7":"category-societe"},"_links":{"self":[{"href":"https:\/\/conakrynews.org\/index.php\/wp-json\/wp\/v2\/posts\/12013","targetHints":{"allow":["GET"]}}],"collection":[{"href":"https:\/\/conakrynews.org\/index.php\/wp-json\/wp\/v2\/posts"}],"about":[{"href":"https:\/\/conakrynews.org\/index.php\/wp-json\/wp\/v2\/types\/post"}],"author":[{"embeddable":true,"href":"https:\/\/conakrynews.org\/index.php\/wp-json\/wp\/v2\/users\/2"}],"replies":[{"embeddable":true,"href":"https:\/\/conakrynews.org\/index.php\/wp-json\/wp\/v2\/comments?post=12013"}],"version-history":[{"count":0,"href":"https:\/\/conakrynews.org\/index.php\/wp-json\/wp\/v2\/posts\/12013\/revisions"}],"wp:featuredmedia":[{"embeddable":true,"href":"https:\/\/conakrynews.org\/index.php\/wp-json\/wp\/v2\/media\/12014"}],"wp:attachment":[{"href":"https:\/\/conakrynews.org\/index.php\/wp-json\/wp\/v2\/media?parent=12013"}],"wp:term":[{"taxonomy":"category","embeddable":true,"href":"https:\/\/conakrynews.org\/index.php\/wp-json\/wp\/v2\/categories?post=12013"},{"taxonomy":"post_tag","embeddable":true,"href":"https:\/\/conakrynews.org\/index.php\/wp-json\/wp\/v2\/tags?post=12013"}],"curies":[{"name":"wp","href":"https:\/\/api.w.org\/{rel}","templated":true}]}}