{"id":12017,"date":"2022-03-05T14:04:03","date_gmt":"2022-03-05T14:04:03","guid":{"rendered":"https:\/\/conakrynews.org\/?p=12017"},"modified":"2022-03-05T14:04:03","modified_gmt":"2022-03-05T14:04:03","slug":"une-attaque-jihadiste-fait-27-morts-dans-les-rangs-de-larmee-malienne","status":"publish","type":"post","link":"https:\/\/conakrynews.org\/index.php\/une-attaque-jihadiste-fait-27-morts-dans-les-rangs-de-larmee-malienne\/","title":{"rendered":"Une attaque jihadiste fait 27 morts dans les rangs de l\u2019arm\u00e9e malienne"},"content":{"rendered":"<p>&nbsp;<\/p>\n<p class=\"post-meta\">\n<div class=\"clear\"><\/div>\n<div class=\"entry\">\n<p>Une attaque jihadiste contre un camp de l\u2019arm\u00e9e malienne dans le centre du pays a fait 27 morts vendredi parmi les soldats et plusieurs dizaines de \u00ab\u00a0terroristes\u00a0\u00bb ont \u00e9t\u00e9 \u00ab\u00a0neutralis\u00e9s\u00a0\u00bb, a annonc\u00e9 l\u2019arm\u00e9e dans un communiqu\u00e9.<\/p>\n<p>Il s\u2019agit de l\u2019attaque la plus meurtri\u00e8re rapport\u00e9e contre les forces maliennes depuis plusieurs mois.<\/p>\n<p>Elle s\u2019est d\u00e9roul\u00e9e vendredi matin vers 05H30 GMT, au camp de Mondoro dans le centre du Mali, faisant \u00e9galement fait 33 bless\u00e9s, dont 21 graves, et sept \u00ab\u00a0port\u00e9s disparus\u00a0\u00bb parmi les soldats, selon la m\u00eame source.<\/p>\n<p>Selon l\u2019arm\u00e9e, 47 assaillants ont \u00e9t\u00e9 \u00ab\u00a0neutralis\u00e9s\u00a0\u00bb dans la matin\u00e9e et 23 autres l\u2019ont \u00e9t\u00e9 \u00e0 la suite d\u2019un \u00ab\u00a0ratissage sur les sanctuaires terroristes\u00a0\u00bb.<\/p>\n<p>Un deuil national de trois jours \u00e0 compter de samedi a \u00e9t\u00e9 d\u00e9cr\u00e9t\u00e9 par le gouvernement malien.<\/p>\n<p>Cette attaque survient en pleine reconfiguration militaire. Au cours des derniers mois sont arriv\u00e9s au Mali de nombreux renforts pr\u00e9sent\u00e9s par les autorit\u00e9s maliennes comme des instructeurs russes et par les Occidentaux comme des mercenaires. La France et ses alli\u00e9s europ\u00e9ens au sein du regroupement de forces sp\u00e9ciales Takuba viennent, eux, d\u2019annoncer leur retrait militaire du Mali.<\/p>\n<p>Sur fond de vives tensions diplomatiques entre la junte au pouvoir depuis 2020 et certains des partenaires du Mali, au premier rang desquels la France, l\u2019arm\u00e9e malienne ne cesse depuis des semaines de proclamer les succ\u00e8s contre les jihadistes.<\/p>\n<p>L\u2019arm\u00e9e malienne revendique la mort de dizaines de jihadistes ces derniers mois. Un communiqu\u00e9 publi\u00e9 cette semaine assurait que \u00ab\u00a0la peur (avait) chang\u00e9 de camp, l\u2019ennemi est en fuite vers les fronti\u00e8res ou en dissimulation dans la population\u00a0\u00bb.<\/p>\n<p>Ces informations sont difficilement v\u00e9rifiables faute d\u2019acc\u00e8s au terrain ou de sources pouvant s\u2019exprimer.<\/p>\n<p>Vendredi, plusieurs sources au Mali avaient indiqu\u00e9 \u00e0 l\u2019AFP qu\u2019une attaque avait fait de nombreux morts \u00e0 Mondoro.<\/p>\n<p>Une source militaire fran\u00e7aise sous couvert de l\u2019anonymat avait indiqu\u00e9 \u00e0 l\u2019AFP que le bilan de cette attaque men\u00e9e par plusieurs centaines de jihadistes avait fait entre 40 et 50 morts.<\/p>\n<p>La source affirmait que 21 v\u00e9hicules avaient \u00e9t\u00e9 saisis par les jihadistes, dont plusieurs blind\u00e9s.<\/p>\n<p>En outre, selon cette m\u00eame source, \u00ab\u00a0les FAMa (Forces arm\u00e9es maliennes) n\u2019ont pas demand\u00e9 l\u2019appui de (la force fran\u00e7aise antijihadiste) Barkhane\u00a0\u00bb.<\/p>\n<p><strong>Propagation jihadiste<\/strong><\/p>\n<p>Le camp de Mondoro, proche de la fronti\u00e8re avec le Burkina Faso, a \u00e9t\u00e9 \u00e0 plusieurs reprises par le pass\u00e9 la cible d\u2019attaques de groupes jihadistes qui op\u00e8rent dans la zone depuis plusieurs ann\u00e9es. Les habitants d\u00e9noncent une situation de blocus impos\u00e9 par les jihadistes, malgr\u00e9 la pr\u00e9sence de l\u2019arm\u00e9e.<\/p>\n<p>Une op\u00e9ration contre le camp et celui de Boulkessi, proche, avait fait une cinquantaine de morts parmi les soldats en septembre 2019.<\/p>\n<p>Depuis 2019, le village de Mondoro est isol\u00e9 et les t\u00e9l\u00e9communications sont des plus al\u00e9atoires.<\/p>\n<p>Le camp se trouve dans l\u2019un des principaux foyers de la violence qui, partie du nord du Mali avec des insurrections ind\u00e9pendantiste et jihadiste en 2012, s\u2019est \u00e9tendue au centre et au Burkina et au Niger voisins.<\/p>\n<p>Deux tiers du territoire malien \u00e9chappent au contr\u00f4le de l\u2019Etat. La propagation jihadiste, sous affiliation d\u2019Al-Qa\u00efda ou de l\u2019organisation Etat islamique, commence \u00e0 toucher plus au sud, la C\u00f4te d\u2019Ivoire ou le B\u00e9nin par exemple, mena\u00e7ant de gagner le Golfe de Guin\u00e9e.<\/p>\n<p>Les agissements jihadistes, conjugu\u00e9s aux violences intercommunautaires, aux actes crapuleux mais aussi aux exactions de l\u2019arm\u00e9e, ont fait des milliers de morts, civils et militaires, et des centaines de milliers de d\u00e9plac\u00e9s. L\u2019ins\u00e9curit\u00e9 contribue \u00e0 l\u2019instabilit\u00e9 politique. Apr\u00e8s le Mali \u00e0 deux reprises depuis ao\u00fbt 2020, le Burkina Faso a \u00e9t\u00e9 le th\u00e9\u00e2tre d\u2019un putsch en janvier dernier.<\/p>\n<p>Plus de 30 soldats avaient \u00e9t\u00e9 tu\u00e9s en mars 2021 \u00e0 Tessit dans une telle op\u00e9ration, revendiqu\u00e9e par l\u2019organisation Etat islamique.<\/p>\n<p>Toutefois, au cours des derniers mois, les pertes humaines effectivement rapport\u00e9es dans les rangs de l\u2019arm\u00e9e avaient diminu\u00e9.<\/p>\n<p>&nbsp;<\/p>\n<p><strong>Avec AFP<\/strong><\/p>\n<\/div>\n","protected":false},"excerpt":{"rendered":"<p>&nbsp; Une attaque jihadiste contre un camp de l\u2019arm\u00e9e malienne dans le centre du pays a fait 27 morts vendredi parmi les soldats et plusieurs dizaines de \u00ab\u00a0terroristes\u00a0\u00bb ont \u00e9t\u00e9 \u00ab\u00a0neutralis\u00e9s\u00a0\u00bb, a annonc\u00e9 l\u2019arm\u00e9e dans un communiqu\u00e9. Il s\u2019agit de l\u2019attaque la plus meurtri\u00e8re rapport\u00e9e contre les forces maliennes depuis plusieurs mois. Elle s\u2019est d\u00e9roul\u00e9e [&hellip;]<\/p>\n","protected":false},"author":2,"featured_media":12018,"comment_status":"closed","ping_status":"closed","sticky":false,"template":"","format":"standard","meta":{"footnotes":""},"categories":[58],"tags":[],"class_list":{"0":"post-12017","1":"post","2":"type-post","3":"status-publish","4":"format-standard","5":"has-post-thumbnail","7":"category-societe"},"_links":{"self":[{"href":"https:\/\/conakrynews.org\/index.php\/wp-json\/wp\/v2\/posts\/12017","targetHints":{"allow":["GET"]}}],"collection":[{"href":"https:\/\/conakrynews.org\/index.php\/wp-json\/wp\/v2\/posts"}],"about":[{"href":"https:\/\/conakrynews.org\/index.php\/wp-json\/wp\/v2\/types\/post"}],"author":[{"embeddable":true,"href":"https:\/\/conakrynews.org\/index.php\/wp-json\/wp\/v2\/users\/2"}],"replies":[{"embeddable":true,"href":"https:\/\/conakrynews.org\/index.php\/wp-json\/wp\/v2\/comments?post=12017"}],"version-history":[{"count":0,"href":"https:\/\/conakrynews.org\/index.php\/wp-json\/wp\/v2\/posts\/12017\/revisions"}],"wp:featuredmedia":[{"embeddable":true,"href":"https:\/\/conakrynews.org\/index.php\/wp-json\/wp\/v2\/media\/12018"}],"wp:attachment":[{"href":"https:\/\/conakrynews.org\/index.php\/wp-json\/wp\/v2\/media?parent=12017"}],"wp:term":[{"taxonomy":"category","embeddable":true,"href":"https:\/\/conakrynews.org\/index.php\/wp-json\/wp\/v2\/categories?post=12017"},{"taxonomy":"post_tag","embeddable":true,"href":"https:\/\/conakrynews.org\/index.php\/wp-json\/wp\/v2\/tags?post=12017"}],"curies":[{"name":"wp","href":"https:\/\/api.w.org\/{rel}","templated":true}]}}