{"id":12023,"date":"2022-03-06T18:08:16","date_gmt":"2022-03-06T18:08:16","guid":{"rendered":"https:\/\/conakrynews.org\/?p=12023"},"modified":"2022-03-06T18:08:16","modified_gmt":"2022-03-06T18:08:16","slug":"guerre-en-ukraine-les-veterans-du-donbass-reprennent-du-service-pour-defendre-kiev","status":"publish","type":"post","link":"https:\/\/conakrynews.org\/index.php\/guerre-en-ukraine-les-veterans-du-donbass-reprennent-du-service-pour-defendre-kiev\/","title":{"rendered":"Guerre en Ukraine: les v\u00e9t\u00e9rans du Donbass reprennent du service pour d\u00e9fendre Kiev"},"content":{"rendered":"<h1 class=\"name post-title entry-title\"><\/h1>\n<p class=\"post-meta\">\n<div class=\"clear\"><\/div>\n<div class=\"entry\">\n<p>En Ukraine, alors qu\u2019\u00e0 l\u2019avant,\u00a0les forces arm\u00e9es livrent bataille \u00e0 l\u2019arm\u00e9e russe, \u00e0 l\u2019arri\u00e8re, la Terobona, la D\u00e9fense territoriale se pr\u00e9pare en cas d\u2019intrusion dans la ville.\u00a0La mobilisation continue et elle b\u00e9n\u00e9ficie de l\u2019apport des v\u00e9t\u00e9rans du Donbass, notamment ceux des bataillons volontaires cr\u00e9es en 2014, qui ces derniers jours se jettent dans le bataille.<\/p>\n<p>\u00c2g\u00e9 de 54 ans, Evgeniy Iarantsev \u00e9tait il y a huit ans, un des commandants du bataillon Aidar, une formation de 600 hommes qui avait suppl\u00e9\u00e9 l\u2019arm\u00e9e dans le Donbass.<\/p>\n<p>En 2017, cette unit\u00e9 nationaliste \u00e0 la r\u00e9putation sulfureuse, non disciplin\u00e9e et accus\u00e9e \u00e0 l\u2019\u00e9poque par\u00a0<a href=\"https:\/\/www.amnesty.fr\/\" target=\"_blank\" rel=\"noopener noreferrer\"><strong>Amnesty International\u00a0<\/strong><\/a>d\u2019exactions, a \u00e9t\u00e9 int\u00e9gr\u00e9e \u00e0 l\u2019arm\u00e9e, et beaucoup de ses volontaires sont revenus \u00e0 la vie civile.<\/p>\n<p>Mais depuis le d\u00e9but de la nouvelle guerre,\u00a0Evgeniy Iarantsev bat le rappel des troupes, pour cr\u00e9er\u00a0un nouveau bataillon, au nom un peu particulier. \u00ab\u00a0<em>Conan, Conan le Barbare ! C\u2019est pas mal comme non ?Personne ne l\u2019a encore faite, celle-l\u00e0. C\u2019est la classe,\u00a0Schwarzenegger, avec son \u00e9p\u00e9e !\u00a0<\/em>\u00bb, lance\u00a0Evgeniy Iarantsev.<\/p>\n<h2>Pr\u00e8s de 100 000 hommes se sont d\u00e9j\u00e0 engag\u00e9s<\/h2>\n<p>Ces derniers jours, pr\u00e8s de 100\u00a0000 hommes se sont engag\u00e9s\u00a0dans les rangs de la Teroborona,\u00a0la D\u00e9fense territoriale, mais les recrues du bataillon Conan Le Barbare, aguerries au combats, seront directement envoy\u00e9es sur la ligne de front.<\/p>\n<p>\u00ab\u00a0<em>Au moment o\u00f9 je vous parle, on est en train de passer de la D\u00e9fense\u00a0territoriale aux forces arm\u00e9es r\u00e9guli\u00e8res.\u00a0On nous donne les armes, on remplit les papiers. Parce que la D\u00e9fense territoriale, elle a \u00e9t\u00e9 con\u00e7ue\u00a0pour ralentir l\u2019envahisseur aux portes de la ville. Et nous, avec l\u2019arm\u00e9e, on va aller tuer les occupants, qu\u2019il avance o\u00f9 qu\u2019il recule, peu importe.\u00a0Ce sont des fonctions un peu diff\u00e9rentes<\/em>\u00a0\u00bb, poursuit\u00a0Evgeniy Iarantsev.<\/p>\n<p>&nbsp;<\/p>\n<p><strong>Avec RFI<\/strong><\/p>\n<\/div>\n","protected":false},"excerpt":{"rendered":"<p>En Ukraine, alors qu\u2019\u00e0 l\u2019avant,\u00a0les forces arm\u00e9es livrent bataille \u00e0 l\u2019arm\u00e9e russe, \u00e0 l\u2019arri\u00e8re, la Terobona, la D\u00e9fense territoriale se pr\u00e9pare en cas d\u2019intrusion dans la ville.\u00a0La mobilisation continue et elle b\u00e9n\u00e9ficie de l\u2019apport des v\u00e9t\u00e9rans du Donbass, notamment ceux des bataillons volontaires cr\u00e9es en 2014, qui ces derniers jours se jettent dans le bataille. [&hellip;]<\/p>\n","protected":false},"author":2,"featured_media":12024,"comment_status":"closed","ping_status":"closed","sticky":false,"template":"","format":"standard","meta":{"footnotes":""},"categories":[58],"tags":[],"class_list":{"0":"post-12023","1":"post","2":"type-post","3":"status-publish","4":"format-standard","5":"has-post-thumbnail","7":"category-societe"},"_links":{"self":[{"href":"https:\/\/conakrynews.org\/index.php\/wp-json\/wp\/v2\/posts\/12023","targetHints":{"allow":["GET"]}}],"collection":[{"href":"https:\/\/conakrynews.org\/index.php\/wp-json\/wp\/v2\/posts"}],"about":[{"href":"https:\/\/conakrynews.org\/index.php\/wp-json\/wp\/v2\/types\/post"}],"author":[{"embeddable":true,"href":"https:\/\/conakrynews.org\/index.php\/wp-json\/wp\/v2\/users\/2"}],"replies":[{"embeddable":true,"href":"https:\/\/conakrynews.org\/index.php\/wp-json\/wp\/v2\/comments?post=12023"}],"version-history":[{"count":0,"href":"https:\/\/conakrynews.org\/index.php\/wp-json\/wp\/v2\/posts\/12023\/revisions"}],"wp:featuredmedia":[{"embeddable":true,"href":"https:\/\/conakrynews.org\/index.php\/wp-json\/wp\/v2\/media\/12024"}],"wp:attachment":[{"href":"https:\/\/conakrynews.org\/index.php\/wp-json\/wp\/v2\/media?parent=12023"}],"wp:term":[{"taxonomy":"category","embeddable":true,"href":"https:\/\/conakrynews.org\/index.php\/wp-json\/wp\/v2\/categories?post=12023"},{"taxonomy":"post_tag","embeddable":true,"href":"https:\/\/conakrynews.org\/index.php\/wp-json\/wp\/v2\/tags?post=12023"}],"curies":[{"name":"wp","href":"https:\/\/api.w.org\/{rel}","templated":true}]}}