{"id":12035,"date":"2022-03-08T09:51:12","date_gmt":"2022-03-08T09:51:12","guid":{"rendered":"https:\/\/conakrynews.org\/?p=12035"},"modified":"2022-03-08T09:51:12","modified_gmt":"2022-03-08T09:51:12","slug":"journee-internationale-du-08-mars-les-femmes-musulmanes-de-guinee-debattent-sur-le-droit-de-la-femme-dans-la-societe","status":"publish","type":"post","link":"https:\/\/conakrynews.org\/index.php\/journee-internationale-du-08-mars-les-femmes-musulmanes-de-guinee-debattent-sur-le-droit-de-la-femme-dans-la-societe\/","title":{"rendered":"Journ\u00e9e internationale du 08 mars : les femmes musulmanes de Guin\u00e9e d\u00e9battent sur le droit de la femme dans la soci\u00e9t\u00e9"},"content":{"rendered":"<h1 class=\"name post-title entry-title\"><\/h1>\n<p class=\"post-meta\">\n<div class=\"clear\"><\/div>\n<div class=\"entry\">\n<p>En pr\u00e9lude de la c\u00e9l\u00e9bration de la journ\u00e9e mondiale des femmes, l\u2019association des femmes musulmanes pour la culture islamique et le d\u00e9veloppement (AFEMCID) en collaboration avec le service du genre et \u00e9quit\u00e9 au Secr\u00e9tariat G\u00e9n\u00e9ral des\u00a0 Affaires Religieuse a organis\u00e9 ce lundi 07 mars la journ\u00e9e de r\u00e9flexion et de sensibilisation des femmes sous le th\u00e8me: \u00a0\u00bb Le droit de la femme dans la soci\u00e9t\u00e9\u00a0\u00bb.<\/p>\n<p>&nbsp;<\/p>\n<p>Cette initiative de l\u2019association de femmes de l\u2019AAAFEMC s\u2019inscrit dans le cadre d\u2019aider le pr\u00e9sident de la transition le colonel Mamadi Doumbouya a gard\u00e9 la Guin\u00e9e dans son \u00e9tat de paix et de qui\u00e9tude ; de pr\u00f4ner et d\u2019agir pour l\u2019unit\u00e9 nationale ; de conseiller et de prier pour la bonne conduite des femmes de Guin\u00e9e.<\/p>\n<p>&nbsp;<\/p>\n<p>Dans son discours, Hadja Aminata Kallo pr\u00e9sidente de cette association des femmes musulmanes d\u00e9clare : \u00ab Sensibiliser les communaut\u00e9s sur l\u2019impact n\u00e9gatif de l\u2019exploitation des filles et les violences faites aux femmes et filles, est une n\u00e9cessit\u00e9 pour la nation guin\u00e9enne. Il convient alors d\u2019amener la femme \u00e0 comprendre le r\u00f4le qu\u2019elle doit jouer dans la soci\u00e9t\u00e9, en organisant cette journ\u00e9e de sensibilisation, nous avons l\u2019espoir que les femmes de Guin\u00e9e seront \u00e0 l\u2019\u00e9coute pour mieux saisir les devoirs qui les incombent mais aussi mieux connaitre ses droits dans ce monde moderne \u00bb, a soulign\u00e9 la pr\u00e9sidente.<\/p>\n<p>&nbsp;<\/p>\n<p>Pour sa part, la ministre de l\u2019action sociale de la promotion f\u00e9minine et de l\u2019enfance, Mme A\u00efcha Nan\u00e8tte Conte indique ceci : \u00ab Nous sommes dans le mois de la femme et les activit\u00e9s ont commenc\u00e9 depuis le 1er mars, mais il faut reconna\u00eetre que la journ\u00e9e du 08 mars n\u2019est pas une journ\u00e9e de danse ni de r\u00e9jouissance non, c\u2019est une journ\u00e9e de c\u00e9l\u00e9bration de notre roi. Alors pour se faire nous avons besoin de certaines choses qui ne d\u00e9passe pas sans la paix, la qui\u00e9tude sociale et harmonie dans le pays \u00bb, a pr\u00e9cis\u00e9 Mme la ministre.<\/p>\n<p>&nbsp;<\/p>\n<p><strong>Youssouf Sylla.<\/strong><\/p>\n<\/div>\n","protected":false},"excerpt":{"rendered":"<p>En pr\u00e9lude de la c\u00e9l\u00e9bration de la journ\u00e9e mondiale des femmes, l\u2019association des femmes musulmanes pour la culture islamique et le d\u00e9veloppement (AFEMCID) en collaboration avec le service du genre et \u00e9quit\u00e9 au Secr\u00e9tariat G\u00e9n\u00e9ral des\u00a0 Affaires Religieuse a organis\u00e9 ce lundi 07 mars la journ\u00e9e de r\u00e9flexion et de sensibilisation des femmes sous le [&hellip;]<\/p>\n","protected":false},"author":2,"featured_media":12036,"comment_status":"closed","ping_status":"closed","sticky":false,"template":"","format":"standard","meta":{"footnotes":""},"categories":[58],"tags":[],"class_list":{"0":"post-12035","1":"post","2":"type-post","3":"status-publish","4":"format-standard","5":"has-post-thumbnail","7":"category-societe"},"_links":{"self":[{"href":"https:\/\/conakrynews.org\/index.php\/wp-json\/wp\/v2\/posts\/12035","targetHints":{"allow":["GET"]}}],"collection":[{"href":"https:\/\/conakrynews.org\/index.php\/wp-json\/wp\/v2\/posts"}],"about":[{"href":"https:\/\/conakrynews.org\/index.php\/wp-json\/wp\/v2\/types\/post"}],"author":[{"embeddable":true,"href":"https:\/\/conakrynews.org\/index.php\/wp-json\/wp\/v2\/users\/2"}],"replies":[{"embeddable":true,"href":"https:\/\/conakrynews.org\/index.php\/wp-json\/wp\/v2\/comments?post=12035"}],"version-history":[{"count":0,"href":"https:\/\/conakrynews.org\/index.php\/wp-json\/wp\/v2\/posts\/12035\/revisions"}],"wp:featuredmedia":[{"embeddable":true,"href":"https:\/\/conakrynews.org\/index.php\/wp-json\/wp\/v2\/media\/12036"}],"wp:attachment":[{"href":"https:\/\/conakrynews.org\/index.php\/wp-json\/wp\/v2\/media?parent=12035"}],"wp:term":[{"taxonomy":"category","embeddable":true,"href":"https:\/\/conakrynews.org\/index.php\/wp-json\/wp\/v2\/categories?post=12035"},{"taxonomy":"post_tag","embeddable":true,"href":"https:\/\/conakrynews.org\/index.php\/wp-json\/wp\/v2\/tags?post=12035"}],"curies":[{"name":"wp","href":"https:\/\/api.w.org\/{rel}","templated":true}]}}