{"id":12038,"date":"2022-03-08T09:55:14","date_gmt":"2022-03-08T09:55:14","guid":{"rendered":"https:\/\/conakrynews.org\/?p=12038"},"modified":"2022-03-08T09:55:14","modified_gmt":"2022-03-08T09:55:14","slug":"lue-soutient-lacces-a-la-justice-aux-enfants-en-deplacement-en-afrique-de-louest-dont-la-guinee","status":"publish","type":"post","link":"https:\/\/conakrynews.org\/index.php\/lue-soutient-lacces-a-la-justice-aux-enfants-en-deplacement-en-afrique-de-louest-dont-la-guinee\/","title":{"rendered":"L\u2019UE soutient l\u2019acc\u00e8s \u00e0 la justice aux enfants en d\u00e9placement en Afrique de l\u2019Ouest dont la Guin\u00e9e"},"content":{"rendered":"<h1 class=\"name post-title entry-title\"><\/h1>\n<div class=\"clear\"><\/div>\n<div class=\"entry\">\n<p>Nombre de ces enfants vuln\u00e9rables sont particuli\u00e8rement expos\u00e9s au risque d\u2019\u00eatre plac\u00e9s en d\u00e9tention provisoire et d\u2019\u00eatre victimes de violences. Le programme vise \u00e0 pr\u00e9venir leur incarc\u00e9ration.<\/p>\n<p>L\u2019Union europ\u00e9enne(UE) a allou\u00e9 une subvention de pr\u00e8s de 8 millions d\u2019euros pour aider l\u2019UNICEF \u00e0 am\u00e9liorer l\u2019acc\u00e8s \u00e0 la justice aux enfants en d\u00e9placement et aux autres enfants vuln\u00e9rables dans six pays d\u2019Afrique de l\u2019Ouest. Couvrant le Burkina Faso, la Guin\u00e9e, le Mali, la Mauritanie, le Niger et le Nigeria, ce programme de trois ans devra am\u00e9liorer l\u2019acc\u00e8s \u00e0 la justice et soutenir la fourniture de services de protection de l\u2019enfance pour plus de 41 000 enfants en d\u00e9placement, enfants victimes de violence, d\u2019abus et d\u2019exploitation, et enfants en conflit avec la loi, a fait savoir l\u2019UNICEF.<\/p>\n<p>Le programme promeut la fourniture de services multisectoriels aux enfants en contact avec le syst\u00e8me judiciaire, notamment l\u2019acc\u00e8s \u00e0 une justice adapt\u00e9e aux enfants avec une approche bas\u00e9e sur les droits, a-t-on expliqu\u00e9. Il vise plus pr\u00e9cis\u00e9ment \u00e0 pr\u00e9venir la d\u00e9tention d\u2019enfants, \u00e0 promouvoir des options alternatives, conform\u00e9ment aux lignes directrices des Nations unies pour la prise en charge alternative des enfants, et \u00e0 renforcer la fourniture de services multisectoriels de pr\u00e9vention et de r\u00e9ponses pour les enfants vuln\u00e9rables et ceux en contact avec le syst\u00e8me judiciaire, y compris l\u2019acc\u00e8s \u00e0 des syst\u00e8mes de justice et de protection sociale adapt\u00e9s aux enfants, a-t-on pr\u00e9cis\u00e9.<\/p>\n<p>Il s\u2019agit aussi de combler les lacunes en mati\u00e8re de donn\u00e9es afin de mieux comprendre les obstacles auxquels sont confront\u00e9s les enfants, en particulier ceux qui sont en d\u00e9tention, pour acc\u00e9der \u00e0 la justice et aux services de protection. De nombreux enfants en d\u00e9placement ne connaissent ni leurs droits ni les r\u00e9seaux de soutien existants. Ils se heurtent \u00e0 des barri\u00e8res linguistiques ou autres qui les rendent encore plus vuln\u00e9rables, tandis que la s\u00e9paration d\u2019avec leurs parents ou les personnes qui s\u2019occupent d\u2019eux cr\u00e9e des difficult\u00e9s suppl\u00e9mentaires pour leur permettre d\u2019acc\u00e9der \u00e0 la justice, a-t-on d\u00e9plor\u00e9.<\/p>\n<p>Nombre de ces enfants vuln\u00e9rables sont particuli\u00e8rement expos\u00e9s \u00e0 la d\u00e9tention provisoire, \u00e0 l\u2019incarc\u00e9ration avec des adultes et \u00e0 l\u2019exposition \u00e0 la violence et aux abus, notamment psychologiques ou sexuels. En octobre 2021, l\u2019UNICEF estimait \u00e0 11 millions le nombre d\u2019enfants en d\u00e9placement en Afrique de l\u2019Ouest et du Centre, dont 7,6 millions de d\u00e9plac\u00e9s internes, 1,2 million de r\u00e9fugi\u00e9s et 2,2 millions d\u2019enfants migrants internationaux.<\/p>\n<p>&nbsp;<\/p>\n<p><strong>Avec dpa-news<\/strong><\/p>\n<\/div>\n","protected":false},"excerpt":{"rendered":"<p>Nombre de ces enfants vuln\u00e9rables sont particuli\u00e8rement expos\u00e9s au risque d\u2019\u00eatre plac\u00e9s en d\u00e9tention provisoire et d\u2019\u00eatre victimes de violences. Le programme vise \u00e0 pr\u00e9venir leur incarc\u00e9ration. L\u2019Union europ\u00e9enne(UE) a allou\u00e9 une subvention de pr\u00e8s de 8 millions d\u2019euros pour aider l\u2019UNICEF \u00e0 am\u00e9liorer l\u2019acc\u00e8s \u00e0 la justice aux enfants en d\u00e9placement et aux autres [&hellip;]<\/p>\n","protected":false},"author":2,"featured_media":12039,"comment_status":"closed","ping_status":"closed","sticky":false,"template":"","format":"standard","meta":{"footnotes":""},"categories":[58],"tags":[],"class_list":{"0":"post-12038","1":"post","2":"type-post","3":"status-publish","4":"format-standard","5":"has-post-thumbnail","7":"category-societe"},"_links":{"self":[{"href":"https:\/\/conakrynews.org\/index.php\/wp-json\/wp\/v2\/posts\/12038","targetHints":{"allow":["GET"]}}],"collection":[{"href":"https:\/\/conakrynews.org\/index.php\/wp-json\/wp\/v2\/posts"}],"about":[{"href":"https:\/\/conakrynews.org\/index.php\/wp-json\/wp\/v2\/types\/post"}],"author":[{"embeddable":true,"href":"https:\/\/conakrynews.org\/index.php\/wp-json\/wp\/v2\/users\/2"}],"replies":[{"embeddable":true,"href":"https:\/\/conakrynews.org\/index.php\/wp-json\/wp\/v2\/comments?post=12038"}],"version-history":[{"count":0,"href":"https:\/\/conakrynews.org\/index.php\/wp-json\/wp\/v2\/posts\/12038\/revisions"}],"wp:featuredmedia":[{"embeddable":true,"href":"https:\/\/conakrynews.org\/index.php\/wp-json\/wp\/v2\/media\/12039"}],"wp:attachment":[{"href":"https:\/\/conakrynews.org\/index.php\/wp-json\/wp\/v2\/media?parent=12038"}],"wp:term":[{"taxonomy":"category","embeddable":true,"href":"https:\/\/conakrynews.org\/index.php\/wp-json\/wp\/v2\/categories?post=12038"},{"taxonomy":"post_tag","embeddable":true,"href":"https:\/\/conakrynews.org\/index.php\/wp-json\/wp\/v2\/tags?post=12038"}],"curies":[{"name":"wp","href":"https:\/\/api.w.org\/{rel}","templated":true}]}}