{"id":12041,"date":"2022-03-09T06:36:53","date_gmt":"2022-03-09T06:36:53","guid":{"rendered":"https:\/\/conakrynews.org\/?p=12041"},"modified":"2022-03-09T06:40:59","modified_gmt":"2022-03-09T06:40:59","slug":"journee-internationale-des-droits-des-femmes-discours-integral-du-colonel-mamadi-doumbouya","status":"publish","type":"post","link":"https:\/\/conakrynews.org\/index.php\/journee-internationale-des-droits-des-femmes-discours-integral-du-colonel-mamadi-doumbouya\/","title":{"rendered":"Journ\u00e9e internationale des droits des femmes: Discours int\u00e9gral du Colonel Mamadi Doumbouya"},"content":{"rendered":"<h1 class=\"name post-title entry-title\"><\/h1>\n<p class=\"post-meta\">L&rsquo;int\u00e9gralit\u00e9 du discours du pr\u00e9sident de la Transition, Chef de l\u2019\u00c9tat, Chef supr\u00eame des arm\u00e9es Colonel Mamadi Doumbouya \u00e0 l\u2019occasion de la c\u00e9l\u00e9bration ce mardi 08 mars 2022 de la journ\u00e9e internationale des Droits des femmes.<\/p>\n<div class=\"entry\">\n<p>\u2022Messieurs les Pr\u00e9sidents des<br \/>\nInstitutions R\u00e9publicaines,<br \/>\n\u2022Monsieur le Premier Ministre,<br \/>\n\u2022Monsieur le Pr\u00e9sident du CNT,<br \/>\n\u2022Mesdames et Messieurs les Membres du Gouvernement,<br \/>\n\u2022Mesdames et Messieurs les Membres du Corps Diplomatique et Consulaire,<br \/>\n\u2022Mesdames et Messieurs les Repr\u00e9sentants des Institutions Internationales,<br \/>\n\u2022Monsieur le Chef d\u2019\u00e9tat-major G\u00e9n\u00e9ral des Arm\u00e9es,<br \/>\n\u2022Messieurs les Chefs d\u2019\u00e9tat-major Particuliers,<br \/>\n\u2022Monsieur le Haut-commandant de la Gendarmerie nationale,<br \/>\n\u2022Madame le Gouverneur de la Ville de Conakry,<br \/>\n\u2022Chers invit\u00e9s,<br \/>\n\u2022Mesdames et Messieurs,<br \/>\n\u2022Braves femmes de Guin\u00e9e,<\/p>\n<p>En ce jour m\u00e9morable du 08 mars 2022, consacr\u00e9 \u00e0 la c\u00e9l\u00e9bration des Droits des Femmes \u00e0 travers le monde, je tiens \u00e0 exprimer toute ma satisfaction pour la mobilisation et la qualit\u00e9 de l\u2019organisation de la pr\u00e9sente c\u00e9r\u00e9monie.<br \/>\nC\u2019est \u00e9galement une opportunit\u00e9 que je mets \u00e0 profit pour remercier solennellement les braves Femmes de Guin\u00e9e pour le soutien unanime et inconditionnel qu\u2019elles ont apport\u00e9 au Comit\u00e9 National de Rassemblement pour le D\u00e9veloppement (CNRD), le 05 septembre 2021, point de d\u00e9part d\u2019une nouvelle \u00e8re pour notre pays.<\/p>\n<p>A l\u2019entame de mes propos, permettez-moi de prendre un peu de votre attention pour une minute de silence \u00e0 la m\u00e9moire de toutes les femmes de Guin\u00e9e tomb\u00e9es pour la cause de notre patrie.<br \/>\nJe vous en remercie.<\/p>\n<p>\u2022Mesdames et Messieurs,<br \/>\n\u2022Braves femmes de Guin\u00e9e,<\/p>\n<p>Le nouveau chantier ouvert par le CNRD pour le Peuple de Guin\u00e9e qui tient compte de ces pr\u00e9occupations est certes complexe, mais je reste convaincu qu\u2019unis derri\u00e8re les m\u00eames id\u00e9aux de justice sociale, de paix et de progr\u00e8s, nous atteindrons nos objectifs.<\/p>\n<p>Aussi et surtout, j\u2019ai \u00e9cout\u00e9 avec beaucoup d\u2019attention et d\u2019int\u00e9r\u00eat les pr\u00e9occupations formul\u00e9es par votre porte-parole en la personne de Madame le Ministre de la Promotion F\u00e9minine, de l\u2019Enfance et des Personnes Vuln\u00e9rables. Je tiens \u00e0 vous rassurer que le Gouvernement inscrira ces pr\u00e9occupations dans ses priorit\u00e9s au cours de la Transition, car j\u2019ai grande conscience que les femmes qui constituent la majorit\u00e9 de notre population contribuent efficacement \u00e0 notre \u0153uvre commune de consolidation de la paix et de l\u2019unit\u00e9 nationale. Ce r\u00f4le hautement social qui est le v\u00f4tre, doit \u00eatre compris et sauvegard\u00e9 par tous nos compatriotes.<br \/>\nD\u2019ores et d\u00e9j\u00e0, \u00e0 la suite et en attendant d\u2019autres initiatives et actions aussi importantes les unes que les autres, j\u2019ai instruit au Premier ministre de prendre toutes mesures diligentes pour donner effet \u00e0 l\u2019octroi \u00e0 trois cent (300) groupements de femmes, de subventions non remboursables.<\/p>\n<p>Notre pays, \u00e0 l\u2019instar des autres, c\u00e9l\u00e8bre la femme en ce jour tr\u00e8s historique du 08 Mars.<\/p>\n<p>Mon \u00e9pouse, ma fille et moi, voulons profiter de cette occasion pour vous souhaiter individuellement et collectivement bonne f\u00eate.<\/p>\n<p>A travers le temps, nombreux sont les sacrifices que vous les femmes avez consentis pour parvenir \u00e0 ce niveau d\u2019\u00e9mancipation et de droit.<\/p>\n<p>Nous voulons saluer la m\u00e9moire et le courage de vos devanci\u00e8res. Aussi, nous avons une pens\u00e9e pour toutes et celles des campagnes, des villages et des parties tr\u00e8s recul\u00e9es du pays qui donnent de leur sang et de leur sueur pour nourrir, \u00e9duquer et participer \u00e0 la vie socio-\u00e9conomique de notre pays.<\/p>\n<p>Nous avons aussi une pens\u00e9e pieuse pour les nombreuses anonymes qui par leur travail quotidien participent \u00e0 faire bouger les lignes.<\/p>\n<p>Nous avons une grande pens\u00e9e pour les femmes qui ont embrass\u00e9 le m\u00e9tier des armes. Je fais une mention sp\u00e9ciale \u00e0 celles qui sont pr\u00e9sentement en op\u00e9ration \u00e0 travers le monde.<\/p>\n<p>Je n\u2019oublie pas \u00e9galement les \u00e9pouses de nos vaillants soldats qui contribuent \u00e0 l\u2019\u00e9quilibre de notre cher pays.<\/p>\n<p>Je parlais tant\u00f4t des sacrifices d\u00e9j\u00e0 faits, mais il y en a bien d\u2019autres \u00e0 faire.<\/p>\n<p>\u2013 La femme ne doit plus \u00eatre marginalis\u00e9e \u00e0 cause de sa f\u00e9minit\u00e9,<br \/>\nLa femme ne doit pas \u00eatre battue,<br \/>\nLa femme ne doit pas \u00eatre viol\u00e9e,<br \/>\nLa femme ne doit pas \u00eatre mutil\u00e9e,<br \/>\n\u2013 La femme, plus que quiconque, m\u00e9rite l\u2019\u00e9ducation et le respect.<\/p>\n<p>La femme est ce que nous avons de plus cher au fond de nous.<br \/>\nBonne f\u00eate \u00e0 toutes les femmes !<br \/>\nVive la femme !<\/p>\n<p>Je vous remercie.<\/p>\n<p>&nbsp;<\/p>\n<\/div>\n","protected":false},"excerpt":{"rendered":"<p>L&rsquo;int\u00e9gralit\u00e9 du discours du pr\u00e9sident de la Transition, Chef de l\u2019\u00c9tat, Chef supr\u00eame des arm\u00e9es Colonel Mamadi Doumbouya \u00e0 l\u2019occasion de la c\u00e9l\u00e9bration ce mardi 08 mars 2022 de la journ\u00e9e internationale des Droits des femmes. \u2022Messieurs les Pr\u00e9sidents des Institutions R\u00e9publicaines, \u2022Monsieur le Premier Ministre, \u2022Monsieur le Pr\u00e9sident du CNT, \u2022Mesdames et Messieurs les [&hellip;]<\/p>\n","protected":false},"author":2,"featured_media":12042,"comment_status":"closed","ping_status":"closed","sticky":false,"template":"","format":"standard","meta":{"footnotes":""},"categories":[58],"tags":[],"class_list":{"0":"post-12041","1":"post","2":"type-post","3":"status-publish","4":"format-standard","5":"has-post-thumbnail","7":"category-societe"},"_links":{"self":[{"href":"https:\/\/conakrynews.org\/index.php\/wp-json\/wp\/v2\/posts\/12041","targetHints":{"allow":["GET"]}}],"collection":[{"href":"https:\/\/conakrynews.org\/index.php\/wp-json\/wp\/v2\/posts"}],"about":[{"href":"https:\/\/conakrynews.org\/index.php\/wp-json\/wp\/v2\/types\/post"}],"author":[{"embeddable":true,"href":"https:\/\/conakrynews.org\/index.php\/wp-json\/wp\/v2\/users\/2"}],"replies":[{"embeddable":true,"href":"https:\/\/conakrynews.org\/index.php\/wp-json\/wp\/v2\/comments?post=12041"}],"version-history":[{"count":0,"href":"https:\/\/conakrynews.org\/index.php\/wp-json\/wp\/v2\/posts\/12041\/revisions"}],"wp:featuredmedia":[{"embeddable":true,"href":"https:\/\/conakrynews.org\/index.php\/wp-json\/wp\/v2\/media\/12042"}],"wp:attachment":[{"href":"https:\/\/conakrynews.org\/index.php\/wp-json\/wp\/v2\/media?parent=12041"}],"wp:term":[{"taxonomy":"category","embeddable":true,"href":"https:\/\/conakrynews.org\/index.php\/wp-json\/wp\/v2\/categories?post=12041"},{"taxonomy":"post_tag","embeddable":true,"href":"https:\/\/conakrynews.org\/index.php\/wp-json\/wp\/v2\/tags?post=12041"}],"curies":[{"name":"wp","href":"https:\/\/api.w.org\/{rel}","templated":true}]}}