{"id":12052,"date":"2022-03-09T07:08:44","date_gmt":"2022-03-09T07:08:44","guid":{"rendered":"https:\/\/conakrynews.org\/?p=12052"},"modified":"2022-03-09T07:08:44","modified_gmt":"2022-03-09T07:08:44","slug":"financement-du-hezbollah-en-guinee-le-procureur-general-engage-des-poursuites-judiciaires-contre-ibrahim-ther-et-ali-saade","status":"publish","type":"post","link":"https:\/\/conakrynews.org\/index.php\/financement-du-hezbollah-en-guinee-le-procureur-general-engage-des-poursuites-judiciaires-contre-ibrahim-ther-et-ali-saade\/","title":{"rendered":"Financement du Hezbollah en Guin\u00e9e : le procureur g\u00e9n\u00e9ral engage des poursuites judiciaires contre Ibrahim Ther et Ali Saade"},"content":{"rendered":"<h1 class=\"name post-title entry-title\"><\/h1>\n<p class=\"post-meta\">\n<div class=\"clear\"><\/div>\n<div class=\"entry\">\n<div id=\"m#msg-f:1726683420574423958\" class=\"mail-message expanded\">\n<div class=\"mail-message-header spacer\">C\u2019est lors d\u2019un point de presse anim\u00e9 ce lundi 07 mars 2022, que le Procureur G\u00e9n\u00e9ral pr\u00e8s la Cour d\u2019Appel de Conakry, Charles Wright a d\u00e9clench\u00e9 une poursuite sans d\u00e9lai contre Ibrahim Ther et Ali Saade par voie d\u2019information judiciaire sur l\u2019affaires d\u2019origine Libanaise r\u00e9sidants en R\u00e9publique de Guin\u00e9e pour des faits de financement du terrorisme.<\/div>\n<div class=\"mail-message-content collapsible zoom-normal  \">\n<div class=\"clear\">\n<div dir=\"auto\">\n<div dir=\"auto\"><\/div>\n<div dir=\"auto\">Cette rencontre avec la presse s\u2019est tenue en pr\u00e9sence du pr\u00e9sident des huissiers de justice, les repr\u00e9sentants de la gendarmerie et de la police, des procureurs g\u00e9n\u00e9raux pr\u00e8s le TPI de Kaloum, de Dixinn et de Mafanco et les membres du parquet G\u00e9n\u00e9ral.<\/div>\n<div dir=\"auto\"><\/div>\n<div dir=\"auto\">Dans son intervention le procureur\u00a0 Charles Wright indique : \u00ab instruit le Procureur de la R\u00e9publique pr\u00e8s le Tribunal de premi\u00e8re instance de Kaloum d\u2019engager ou de faire engager des poursuites judiciaires sans d\u00e9lai, par voie d\u2019information judiciaire, contre les nomm\u00e9s Ibrahim Taher et Ali Saadi, tous des hommes d\u2019affaires d\u2019origine libanaise r\u00e9sidant en R\u00e9publique de Guin\u00e9e, ainsi que toutes autres personnes susceptibles d\u2019\u00eatre d\u00e9nonc\u00e9es dans la pr\u00e9sente proc\u00e9dure pour des pr\u00e9somptions graves de blanchiment d\u2019argent et de financement du terrorisme. Et je requiert la saisie des biens, le gel des avoirs et toute autre mesure conservatoire \u00e0 l\u2019encontre des personnes physiques et morales contre lesquelles l\u2019information judiciaire sera ouverte par voie de r\u00e9quisition conform\u00e9ment \u00e0 l\u2019article 10 de la loi ordinaire \u00bb, a indiqu\u00e9 Charles.<\/div>\n<div dir=\"auto\"><\/div>\n<div dir=\"auto\"><b>Guineequotidien.com<\/b><\/div>\n<\/div>\n<\/div>\n<\/div>\n<\/div>\n<\/div>\n","protected":false},"excerpt":{"rendered":"<p>C\u2019est lors d\u2019un point de presse anim\u00e9 ce lundi 07 mars 2022, que le Procureur G\u00e9n\u00e9ral pr\u00e8s la Cour d\u2019Appel de Conakry, Charles Wright a d\u00e9clench\u00e9 une poursuite sans d\u00e9lai contre Ibrahim Ther et Ali Saade par voie d\u2019information judiciaire sur l\u2019affaires d\u2019origine Libanaise r\u00e9sidants en R\u00e9publique de Guin\u00e9e pour des faits de financement du [&hellip;]<\/p>\n","protected":false},"author":2,"featured_media":12053,"comment_status":"closed","ping_status":"closed","sticky":false,"template":"","format":"standard","meta":{"footnotes":""},"categories":[58],"tags":[],"class_list":{"0":"post-12052","1":"post","2":"type-post","3":"status-publish","4":"format-standard","5":"has-post-thumbnail","7":"category-societe"},"_links":{"self":[{"href":"https:\/\/conakrynews.org\/index.php\/wp-json\/wp\/v2\/posts\/12052","targetHints":{"allow":["GET"]}}],"collection":[{"href":"https:\/\/conakrynews.org\/index.php\/wp-json\/wp\/v2\/posts"}],"about":[{"href":"https:\/\/conakrynews.org\/index.php\/wp-json\/wp\/v2\/types\/post"}],"author":[{"embeddable":true,"href":"https:\/\/conakrynews.org\/index.php\/wp-json\/wp\/v2\/users\/2"}],"replies":[{"embeddable":true,"href":"https:\/\/conakrynews.org\/index.php\/wp-json\/wp\/v2\/comments?post=12052"}],"version-history":[{"count":0,"href":"https:\/\/conakrynews.org\/index.php\/wp-json\/wp\/v2\/posts\/12052\/revisions"}],"wp:featuredmedia":[{"embeddable":true,"href":"https:\/\/conakrynews.org\/index.php\/wp-json\/wp\/v2\/media\/12053"}],"wp:attachment":[{"href":"https:\/\/conakrynews.org\/index.php\/wp-json\/wp\/v2\/media?parent=12052"}],"wp:term":[{"taxonomy":"category","embeddable":true,"href":"https:\/\/conakrynews.org\/index.php\/wp-json\/wp\/v2\/categories?post=12052"},{"taxonomy":"post_tag","embeddable":true,"href":"https:\/\/conakrynews.org\/index.php\/wp-json\/wp\/v2\/tags?post=12052"}],"curies":[{"name":"wp","href":"https:\/\/api.w.org\/{rel}","templated":true}]}}