{"id":12087,"date":"2022-03-11T08:42:43","date_gmt":"2022-03-11T08:42:43","guid":{"rendered":"https:\/\/conakrynews.org\/?p=12087"},"modified":"2022-03-11T08:42:43","modified_gmt":"2022-03-11T08:42:43","slug":"guinee-cooperation-inauguration-de-trois-3-salles-de-classe-financees-par-lambassade-dallemagne","status":"publish","type":"post","link":"https:\/\/conakrynews.org\/index.php\/guinee-cooperation-inauguration-de-trois-3-salles-de-classe-financees-par-lambassade-dallemagne\/","title":{"rendered":"Guin\u00e9e\/Coop\u00e9ration: Inauguration de trois (3) salles de classe financ\u00e9es par l\u2019Ambassade d\u2019Allemagne"},"content":{"rendered":"<h1 class=\"name post-title entry-title\"><\/h1>\n<p class=\"post-meta\">\n<div class=\"clear\"><\/div>\n<div class=\"entry\">\n<p><strong>Conakry, le 10 mars 2022-<\/strong>\u00a0L\u2019ambassadeur de la R\u00e9publique f\u00e9d\u00e9rale d\u2019Allemagne en Guin\u00e9e, S.E. Ulrich Meier-Tesch, \u00e9tait accueilli par la paroisse St Paul et St Pierre de Bonfi dans la commune de Matam.<\/p>\n<p>Accompagn\u00e9 par une d\u00e9l\u00e9gation de l\u2019Ambassade, il a inaugur\u00e9 trois nouvelles salles de classe pour une extension de l\u2019\u00e9cole de la paroisse, financ\u00e9e par l\u2019Ambassade d\u2019Allemagne.<\/p>\n<p><em>\u00ab Il y a six mois on a assist\u00e9 \u00e0 la pose de la premi\u00e8re pierre des ces salles de classes.<\/em>\u00a0<em>L\u2019extension de cette \u00e9cole par ce nouveau b\u00e2timent dans ce delai nous rejouie tous, car l\u2019\u00e9ducation est la base d\u2019un d\u00e9veloppement durable de la Guin\u00e9e. Aux \u00e9l\u00e8ves, apprenez, profitez bien de ces belles nouvelles classes. Ecoutez vos maitres mais ne prenez pas tout \u00e0 la lettre. Cette \u00e9coute doit subir votre propre comprehension et jugement des choses\u2026 \u00bb\u00a0<\/em>a exprim\u00e9 l\u2019ambassadeur allemand en Guin\u00e9e.<\/p>\n<p>Les r\u00e9alisations ont n\u00e9cessit\u00e9 un budget de pr\u00e8s de 250 millions de GNF, dont une subvention de 80 % par<\/p>\n<p>l\u2019Ambassade dans le cadre de son programme de micro-projets et 20 % comme fonds propre de la paroisse. L\u2019acc\u00e8s \u00e0 une \u00e9ducation qualitative reste un grand d\u00e9fi en Guin\u00e9e. \u00ab \u2026<em>C\u2019est ainsi que la paroisse s\u2019est engag\u00e9e \u00e0 offrir une telle \u00e9ducation depuis 2008 avec un effectif de 250 \u00e9l\u00e8ves. Aujourd\u2019hui cette extension est plus que la bienvenue pour nos 650 \u00e9l\u00e8ves. On remercie sinc\u00e8rement l\u2019Ambassade de la R\u00e9publique f\u00e9d\u00e9rale d\u2019Allemagne en Guin\u00e9e pour ce soutien financier sans lequel cette extension resterait un d\u00e9fi, surtout en ces moments de crise de Covid-19. Ces nouvelles classes am\u00e9liorent non seulement le taux de scolarit\u00e9, mais surtout procurent une \u00e9ducation digne de nom \u2026 vive la coop\u00e9ration guin\u00e9o-allemande<\/em>\u00a0\u00bb comme le d\u00e9veloppe le p\u00e8re Jacques Marie Tolno de la paroisse. Ainsi dans une ambiance festive se finalisa cette initiative fructueuse dans le cadre du partenariat guin\u00e9o-allemand.<\/p>\n<p><strong>Vive la coop\u00e9ration guin\u00e9o-allemande<\/strong><\/p>\n<\/div>\n","protected":false},"excerpt":{"rendered":"<p>Conakry, le 10 mars 2022-\u00a0L\u2019ambassadeur de la R\u00e9publique f\u00e9d\u00e9rale d\u2019Allemagne en Guin\u00e9e, S.E. Ulrich Meier-Tesch, \u00e9tait accueilli par la paroisse St Paul et St Pierre de Bonfi dans la commune de Matam. Accompagn\u00e9 par une d\u00e9l\u00e9gation de l\u2019Ambassade, il a inaugur\u00e9 trois nouvelles salles de classe pour une extension de l\u2019\u00e9cole de la paroisse, financ\u00e9e [&hellip;]<\/p>\n","protected":false},"author":2,"featured_media":12088,"comment_status":"closed","ping_status":"closed","sticky":false,"template":"","format":"standard","meta":{"footnotes":""},"categories":[58],"tags":[],"class_list":{"0":"post-12087","1":"post","2":"type-post","3":"status-publish","4":"format-standard","5":"has-post-thumbnail","7":"category-societe"},"_links":{"self":[{"href":"https:\/\/conakrynews.org\/index.php\/wp-json\/wp\/v2\/posts\/12087","targetHints":{"allow":["GET"]}}],"collection":[{"href":"https:\/\/conakrynews.org\/index.php\/wp-json\/wp\/v2\/posts"}],"about":[{"href":"https:\/\/conakrynews.org\/index.php\/wp-json\/wp\/v2\/types\/post"}],"author":[{"embeddable":true,"href":"https:\/\/conakrynews.org\/index.php\/wp-json\/wp\/v2\/users\/2"}],"replies":[{"embeddable":true,"href":"https:\/\/conakrynews.org\/index.php\/wp-json\/wp\/v2\/comments?post=12087"}],"version-history":[{"count":0,"href":"https:\/\/conakrynews.org\/index.php\/wp-json\/wp\/v2\/posts\/12087\/revisions"}],"wp:featuredmedia":[{"embeddable":true,"href":"https:\/\/conakrynews.org\/index.php\/wp-json\/wp\/v2\/media\/12088"}],"wp:attachment":[{"href":"https:\/\/conakrynews.org\/index.php\/wp-json\/wp\/v2\/media?parent=12087"}],"wp:term":[{"taxonomy":"category","embeddable":true,"href":"https:\/\/conakrynews.org\/index.php\/wp-json\/wp\/v2\/categories?post=12087"},{"taxonomy":"post_tag","embeddable":true,"href":"https:\/\/conakrynews.org\/index.php\/wp-json\/wp\/v2\/tags?post=12087"}],"curies":[{"name":"wp","href":"https:\/\/api.w.org\/{rel}","templated":true}]}}