{"id":12118,"date":"2022-03-12T21:36:14","date_gmt":"2022-03-12T21:36:14","guid":{"rendered":"https:\/\/conakrynews.org\/?p=12118"},"modified":"2022-03-12T21:36:14","modified_gmt":"2022-03-12T21:36:14","slug":"poutine-accuse-les-forces-ukrainiennes-de-violations-flagrantes-du-droit-humanitaire","status":"publish","type":"post","link":"https:\/\/conakrynews.org\/index.php\/poutine-accuse-les-forces-ukrainiennes-de-violations-flagrantes-du-droit-humanitaire\/","title":{"rendered":"Poutine accuse les forces ukrainiennes de \u00ab\u00a0violations flagrantes\u00a0\u00bb du droit humanitaire"},"content":{"rendered":"<h1 class=\"name post-title entry-title\"><\/h1>\n<p class=\"post-meta\">\n<div class=\"clear\"><\/div>\n<div class=\"entry\">\n<div class=\"intro intro--bold\">\n<p>Le pr\u00e9sident russe Vladimir Poutine a accus\u00e9 samedi les forces ukrainiennes de \u00ab\u00a0violations flagrantes\u00a0\u00bb du droit humanitaire. Il a appel\u00e9 son homologue fran\u00e7ais Emmanuel Macron et le chancelier allemand Olaf Scholz \u00e0 faire pression sur Kiev pour y mettre fin.<\/p>\n<\/div>\n<div id=\"article-content\" class=\"content-floated-wrap fb-quotable\">\n<div class=\"wsw\">\n<p>Lors d\u2019un appel t\u00e9l\u00e9phonique avec ses deux homologues, M. Poutine a \u00e9voqu\u00e9, des \u00ab\u00a0assassinats extrajudiciaires d\u2019opposants\u00a0\u00bb, des \u00ab\u00a0prise d\u2019otages de civils\u00a0\u00bb et leur \u00ab\u00a0utilisation comme boucliers humains\u00a0\u00bb, ainsi que le \u00ab\u00a0d\u00e9ploiement d\u2019armes lourdes dans des zones r\u00e9sidentielles, \u00e0 proximit\u00e9 d\u2019h\u00f4pitaux, d\u2019\u00e9coles et de jardins d\u2019enfants\u00a0\u00bb, selon un communiqu\u00e9 du Kremlin.<\/p>\n<p>Il a \u00e9galement accus\u00e9 les \u00ab\u00a0bataillons nationalistes\u00a0\u00bb ukrainiens de \u00ab\u00a0perturber syst\u00e9matiquement les op\u00e9rations de sauvetage et intimider les civils qui tentent d\u2019\u00e9vacuer\u00a0\u00bb les zones des combats.<\/p>\n<p>\u00ab\u00a0Vladimir Poutine a exhort\u00e9 Emmanuel Macron et Olaf Scholz \u00e0 influencer les autorit\u00e9s de Kiev pour qu\u2019elles mettent fin \u00e0 ces actions criminelles\u00a0\u00bb, a encore ajout\u00e9 le Kremlin.<\/p>\n<p>&nbsp;<\/p>\n<\/div>\n<\/div>\n<p><strong>Avec AFP<\/strong><\/p>\n<\/div>\n","protected":false},"excerpt":{"rendered":"<p>Le pr\u00e9sident russe Vladimir Poutine a accus\u00e9 samedi les forces ukrainiennes de \u00ab\u00a0violations flagrantes\u00a0\u00bb du droit humanitaire. Il a appel\u00e9 son homologue fran\u00e7ais Emmanuel Macron et le chancelier allemand Olaf Scholz \u00e0 faire pression sur Kiev pour y mettre fin. Lors d\u2019un appel t\u00e9l\u00e9phonique avec ses deux homologues, M. Poutine a \u00e9voqu\u00e9, des \u00ab\u00a0assassinats extrajudiciaires [&hellip;]<\/p>\n","protected":false},"author":2,"featured_media":12119,"comment_status":"closed","ping_status":"closed","sticky":false,"template":"","format":"standard","meta":{"footnotes":""},"categories":[58],"tags":[],"class_list":{"0":"post-12118","1":"post","2":"type-post","3":"status-publish","4":"format-standard","5":"has-post-thumbnail","7":"category-societe"},"_links":{"self":[{"href":"https:\/\/conakrynews.org\/index.php\/wp-json\/wp\/v2\/posts\/12118","targetHints":{"allow":["GET"]}}],"collection":[{"href":"https:\/\/conakrynews.org\/index.php\/wp-json\/wp\/v2\/posts"}],"about":[{"href":"https:\/\/conakrynews.org\/index.php\/wp-json\/wp\/v2\/types\/post"}],"author":[{"embeddable":true,"href":"https:\/\/conakrynews.org\/index.php\/wp-json\/wp\/v2\/users\/2"}],"replies":[{"embeddable":true,"href":"https:\/\/conakrynews.org\/index.php\/wp-json\/wp\/v2\/comments?post=12118"}],"version-history":[{"count":0,"href":"https:\/\/conakrynews.org\/index.php\/wp-json\/wp\/v2\/posts\/12118\/revisions"}],"wp:featuredmedia":[{"embeddable":true,"href":"https:\/\/conakrynews.org\/index.php\/wp-json\/wp\/v2\/media\/12119"}],"wp:attachment":[{"href":"https:\/\/conakrynews.org\/index.php\/wp-json\/wp\/v2\/media?parent=12118"}],"wp:term":[{"taxonomy":"category","embeddable":true,"href":"https:\/\/conakrynews.org\/index.php\/wp-json\/wp\/v2\/categories?post=12118"},{"taxonomy":"post_tag","embeddable":true,"href":"https:\/\/conakrynews.org\/index.php\/wp-json\/wp\/v2\/tags?post=12118"}],"curies":[{"name":"wp","href":"https:\/\/api.w.org\/{rel}","templated":true}]}}