{"id":12141,"date":"2022-03-15T15:27:28","date_gmt":"2022-03-15T15:27:28","guid":{"rendered":"https:\/\/conakrynews.org\/?p=12141"},"modified":"2022-03-15T15:27:28","modified_gmt":"2022-03-15T15:27:28","slug":"guinee-lucg-celebre-la-5eme-edition-de-la-journee-mondiale-des-droits-des-consommateurs","status":"publish","type":"post","link":"https:\/\/conakrynews.org\/index.php\/guinee-lucg-celebre-la-5eme-edition-de-la-journee-mondiale-des-droits-des-consommateurs\/","title":{"rendered":"Guin\u00e9e: l\u2019UCG c\u00e9l\u00e8bre la 5\u00e8me \u00e9dition de la journ\u00e9e mondiale des droits des consommateurs"},"content":{"rendered":"<h1 class=\"name post-title entry-title\"><\/h1>\n<p class=\"post-meta\">\n<div class=\"clear\"><\/div>\n<div class=\"entry\">\n<p>A l\u2019instar des autres pays du monde, la Guin\u00e9e a c\u00e9l\u00e9br\u00e9 ce mardi, 15 mars 2022 \u00e0 Conakry, la 5eme \u00e9dition de la journ\u00e9e mondiale des droits des consommateurs.<\/p>\n<p>Une journ\u00e9e plac\u00e9e sous le th\u00e8me :\u00a0<strong>\u00ab La protection des consommateurs \u00e0 l\u2019heure des r\u00e9formes en R\u00e9publique de Guin\u00e9e un challenge dans le processus de d\u00e9veloppement.\u00a0 \u00bb<\/strong>.<\/p>\n<p>La c\u00e9r\u00e9monie a \u00e9t\u00e9 pr\u00e9sid\u00e9e par le chef de cabinet du minist\u00e8re du commerce, M. Ciss\u00e9 Sanfan en pr\u00e9sence des partenaires financiers et d\u00e9veloppement.<\/p>\n<p>&nbsp;<\/p>\n<p>Dans son discours de bienvenue, le pr\u00e9sident de l\u2019union des consommateurs de Guin\u00e9e, Ousmane Keita est revenu sur l\u2019enjeu de ladite journ\u00e9e, tout en lan\u00e7ant un appel \u00e0 l\u2019endroit des nouvelles autorit\u00e9s \u00e0 prendre en compte le souci de la diminution des loyers\u00a0 guin\u00e9ens.<\/p>\n<p>&nbsp;<\/p>\n<p>\u00ab Cette journ\u00e9e mondiale des droits des consommateurs est une n\u00e9cessit\u00e9 pour nous,\u00a0 l\u2019union des consommateurs de Guin\u00e9e ayant pour l\u2019objectif prot\u00e9ger, sensibiliser, conseiller les consommateurs se voulant \u00eatre une force de proposition, celles des grandes r\u00e9flexions nationales en favorisant l\u2019information entre les diff\u00e9rents acteurs de la consommation. Donc Nous nous retrouvons donc aujourd\u2019hui sous le th\u00e8me\u00a0\u2018\u2019la protection des consommateurs \u00e0 l\u2019heure des r\u00e9formes en R\u00e9publique de Guin\u00e9e un challenge dans le processus de d\u00e9veloppement\u2019\u2019. Le pr\u00e9sident de la transition et le premier ministre doivent accepter de nous aider parce que les conditions d\u2019acc\u00e8s aux logements puissent \u00eatre facile. Aujourd\u2019hui\u00a0 quand vous voulez d\u00e9m\u00e9nager c\u2019est un probl\u00e8me, il vous demande de payer au moins 1an, six mois d\u2019avance de caution\u00a0\u00bb.<\/p>\n<p>\u00ab\u00a0Moi je pense que deux mois d\u2019avance permettra \u00e0 tout le monde d\u2019acc\u00e9der. Donc, ces plaidoyers que je soumet au ministre de l\u2019habitat bien attendus nous avons notre porte parole qui est du minist\u00e8re du commerce nous passerons pour que notre requ\u00eate soit prise en compte \u00bb,\u00a0 indique t-il le pr\u00e9sident des consommateurs.<\/p>\n<p>&nbsp;<\/p>\n<p>De son c\u00f4t\u00e9, Le repr\u00e9sentant pays-ONUDI, Ansoumane Ber\u00e9t\u00e9 a appel\u00e9 au respect des dispositions r\u00e9glementaires, par les pourvoyeurs des biens et de services en vue d\u2019offrir des produits de qualit\u00e9 aux consommateurs guin\u00e9ens enfin de les permettre de bien faire leur r\u00f4le de consommateur reconnues dans leur activit\u00e9 g\u00e9n\u00e9ratrice de revenus.<\/p>\n<p>&nbsp;<\/p>\n<p>Pour sa part, le repr\u00e9sentant du ministre du commerce M. Ciss\u00e9 Sanfan a point\u00e9 un accent particulier sur l\u2019importance de la journ\u00e9e de r\u00e9flexion et de partage d\u2019exp\u00e9rienim.<\/p>\n<p>&nbsp;<\/p>\n<p>\u00ab La c\u00e9l\u00e9bration de la journ\u00e9e mondiale des droits des consommateurs, en r\u00e9alit\u00e9 je placerait cette journ\u00e9e dans le cadre d\u2019une formation d\u2019id\u00e9e, sur contr\u00f4le de M. Keita Ousmane, je place cette c\u00e9r\u00e9monie sur angle de r\u00e9flexion du droit des consommateurs mais aussi des devoirs et je pense bien que \u00e0 travers cette exercice, \u00e7a va les amener dans leurs services \u00e0 \u00eatre un consommateur de priorit\u00e9 \u00bb, a d\u00e9clar\u00e9 le chef de cabinet.<\/p>\n<p>&nbsp;<\/p>\n<p><b>Guineequotidien.com<\/b><\/p>\n<\/div>\n","protected":false},"excerpt":{"rendered":"<p>A l\u2019instar des autres pays du monde, la Guin\u00e9e a c\u00e9l\u00e9br\u00e9 ce mardi, 15 mars 2022 \u00e0 Conakry, la 5eme \u00e9dition de la journ\u00e9e mondiale des droits des consommateurs. Une journ\u00e9e plac\u00e9e sous le th\u00e8me :\u00a0\u00ab La protection des consommateurs \u00e0 l\u2019heure des r\u00e9formes en R\u00e9publique de Guin\u00e9e un challenge dans le processus de d\u00e9veloppement.\u00a0 [&hellip;]<\/p>\n","protected":false},"author":2,"featured_media":12142,"comment_status":"closed","ping_status":"closed","sticky":false,"template":"","format":"standard","meta":{"footnotes":""},"categories":[58],"tags":[],"class_list":{"0":"post-12141","1":"post","2":"type-post","3":"status-publish","4":"format-standard","5":"has-post-thumbnail","7":"category-societe"},"_links":{"self":[{"href":"https:\/\/conakrynews.org\/index.php\/wp-json\/wp\/v2\/posts\/12141","targetHints":{"allow":["GET"]}}],"collection":[{"href":"https:\/\/conakrynews.org\/index.php\/wp-json\/wp\/v2\/posts"}],"about":[{"href":"https:\/\/conakrynews.org\/index.php\/wp-json\/wp\/v2\/types\/post"}],"author":[{"embeddable":true,"href":"https:\/\/conakrynews.org\/index.php\/wp-json\/wp\/v2\/users\/2"}],"replies":[{"embeddable":true,"href":"https:\/\/conakrynews.org\/index.php\/wp-json\/wp\/v2\/comments?post=12141"}],"version-history":[{"count":0,"href":"https:\/\/conakrynews.org\/index.php\/wp-json\/wp\/v2\/posts\/12141\/revisions"}],"wp:featuredmedia":[{"embeddable":true,"href":"https:\/\/conakrynews.org\/index.php\/wp-json\/wp\/v2\/media\/12142"}],"wp:attachment":[{"href":"https:\/\/conakrynews.org\/index.php\/wp-json\/wp\/v2\/media?parent=12141"}],"wp:term":[{"taxonomy":"category","embeddable":true,"href":"https:\/\/conakrynews.org\/index.php\/wp-json\/wp\/v2\/categories?post=12141"},{"taxonomy":"post_tag","embeddable":true,"href":"https:\/\/conakrynews.org\/index.php\/wp-json\/wp\/v2\/tags?post=12141"}],"curies":[{"name":"wp","href":"https:\/\/api.w.org\/{rel}","templated":true}]}}