{"id":12147,"date":"2022-03-16T10:20:18","date_gmt":"2022-03-16T10:20:18","guid":{"rendered":"https:\/\/conakrynews.org\/?p=12147"},"modified":"2022-03-16T10:33:40","modified_gmt":"2022-03-16T10:33:40","slug":"justice-la-crief-annonce-le-debut-des-audiences-en-avril-prochain","status":"publish","type":"post","link":"https:\/\/conakrynews.org\/index.php\/justice-la-crief-annonce-le-debut-des-audiences-en-avril-prochain\/","title":{"rendered":"JUSTICE: la CRIEF annonce le d\u00e9but des audiences en avril prochain\u00a0"},"content":{"rendered":"<div id=\"m-7767557360181104547\" class=\"mail-message expanded\">\n<div class=\"mail-message-content collapsible zoom-normal mail-show-images \">\n<div class=\"clear\">\n<div dir=\"auto\">\n<div dir=\"auto\"><\/div>\n<div dir=\"auto\"><\/div>\n<div dir=\"auto\">Le parquet de la Cour de R\u00e9pression des Infractions \u00c9conomiques et Financi\u00e8res (CRIEF) \u00e9tait devant des hommes de m\u00e9dias ce mardi, 15 mars 2022\u00a0 au minist\u00e8re de la justice. Objectif? Donner des\u00a0 expliquer\u00a0 par rapport aux\u00a0 attributions, le mode de fonctionnement et la statistique\u00a0 des dossiers en cours.<\/div>\n<div dir=\"auto\"><\/div>\n<div dir=\"auto\">Au cours de cette conf\u00e9rence de presse, le procureur sp\u00e9cial a fait savoir le contexte de cette cour de justice qui depuis plusieurs ann\u00e9es la Guin\u00e9e \u00e9tait confront\u00e9e a des difficult\u00e9s qui en freine son \u00e9lan de dev\u00e9loppement. Selon lui, Plusieurs fonctionnaires de l&rsquo;\u00c9tat sont inculp\u00e9s pour des faits de corruption,\u00a0 de d\u00e9tournement de fonds ou de blanchiment de capitaux et\u00a0 l&rsquo;enrichissement illicite.<\/div>\n<div dir=\"auto\"><\/div>\n<div dir=\"auto\">Dans sa communication Madame Jos\u00e9phine Lory Tonguino, substitue du procureur,\u00a0 a d\u00e9clar\u00e9 :\u2039\u2039 la cr\u00e9ation de la CRIEF r\u00e9pond a un triple int\u00e9r\u00eat: sanctionner les auteurs des d\u00e9lits \u00e9conomiques et financiers, d\u00e9courager les \u00e9ventuels candidats \u00e0 ces genres de pratiques\u203a\u203a a -t-elle d\u00e9clar\u00e9.<\/div>\n<div dir=\"auto\"><\/div>\n<div dir=\"auto\">Avant de rappeler que\u00a0 la CRIEF a inculp\u00e9 114 personnes pour des raisons diverses, relevant de sa comp\u00e9tence. \u2039\u2039Parmi ces inculp\u00e9s, seulement huit (8) sont en d\u00e9tention pr\u00e9ventive \u00e0 la maison centrale de Conakry.Les 106 autres sont en libert\u00e9, plac\u00e9s sous contr\u00f4le judiciaire. Sept personnes morales sont \u00e9galement inculp\u00e9es\u203a\u203a, a expliqu\u00e9\u00a0 la substitue du procureur<\/div>\n<div dir=\"auto\"><\/div>\n<div dir=\"auto\">Avant d&rsquo;affirmer que la Cour de R\u00e9pression des Infractions \u00c9conomiques et Financi\u00e8res (CRIEF) a re\u00e7u en tout 28 dossiers, deux\u00a0 d\u2019entre\u00a0 eux sont pr\u00eats \u00e0 \u00eatre jug\u00e9s et 26 sont en instruction.<\/div>\n<div dir=\"auto\"><\/div>\n<div dir=\"auto\">Concernant des audiences de la CRIEF, le procureur sp\u00e9cial\u00a0 Aly Tour\u00e9\u00a0 a affirm\u00e9 que la salle qui doit abriter ses audiences est en cours d&rsquo;am\u00e9nagement.<\/div>\n<div dir=\"auto\"><\/div>\n<div dir=\"auto\">Oumar Konat\u00e9, pour\u00a0<a href=\"https:\/\/conakrynews.org\/\" target=\"_blank\" rel=\"noopener noreferrer\" data-saferedirecturl=\"https:\/\/www.google.com\/url?q=https:\/\/conakrynews.org&amp;source=gmail&amp;ust=1647512129721000&amp;usg=AOvVaw3byGgts0zthZHiLJdy6DRo\">conakrynews.org<\/a><\/div>\n<div dir=\"auto\"><\/div>\n<\/div>\n<\/div>\n<\/div>\n<div class=\"mail-message-footer spacer collapsible\"><\/div>\n<\/div>\n<div id=\"conversation-footer\" class=\"spacer\"><\/div>\n","protected":false},"excerpt":{"rendered":"<p>Le parquet de la Cour de R\u00e9pression des Infractions \u00c9conomiques et Financi\u00e8res (CRIEF) \u00e9tait devant des hommes de m\u00e9dias ce mardi, 15 mars 2022\u00a0 au minist\u00e8re de la justice. Objectif? Donner des\u00a0 expliquer\u00a0 par rapport aux\u00a0 attributions, le mode de fonctionnement et la statistique\u00a0 des dossiers en cours. Au cours de cette conf\u00e9rence de presse, [&hellip;]<\/p>\n","protected":false},"author":2,"featured_media":12148,"comment_status":"closed","ping_status":"closed","sticky":false,"template":"","format":"standard","meta":{"footnotes":""},"categories":[58],"tags":[],"class_list":{"0":"post-12147","1":"post","2":"type-post","3":"status-publish","4":"format-standard","5":"has-post-thumbnail","7":"category-societe"},"_links":{"self":[{"href":"https:\/\/conakrynews.org\/index.php\/wp-json\/wp\/v2\/posts\/12147","targetHints":{"allow":["GET"]}}],"collection":[{"href":"https:\/\/conakrynews.org\/index.php\/wp-json\/wp\/v2\/posts"}],"about":[{"href":"https:\/\/conakrynews.org\/index.php\/wp-json\/wp\/v2\/types\/post"}],"author":[{"embeddable":true,"href":"https:\/\/conakrynews.org\/index.php\/wp-json\/wp\/v2\/users\/2"}],"replies":[{"embeddable":true,"href":"https:\/\/conakrynews.org\/index.php\/wp-json\/wp\/v2\/comments?post=12147"}],"version-history":[{"count":0,"href":"https:\/\/conakrynews.org\/index.php\/wp-json\/wp\/v2\/posts\/12147\/revisions"}],"wp:featuredmedia":[{"embeddable":true,"href":"https:\/\/conakrynews.org\/index.php\/wp-json\/wp\/v2\/media\/12148"}],"wp:attachment":[{"href":"https:\/\/conakrynews.org\/index.php\/wp-json\/wp\/v2\/media?parent=12147"}],"wp:term":[{"taxonomy":"category","embeddable":true,"href":"https:\/\/conakrynews.org\/index.php\/wp-json\/wp\/v2\/categories?post=12147"},{"taxonomy":"post_tag","embeddable":true,"href":"https:\/\/conakrynews.org\/index.php\/wp-json\/wp\/v2\/tags?post=12147"}],"curies":[{"name":"wp","href":"https:\/\/api.w.org\/{rel}","templated":true}]}}