{"id":12152,"date":"2022-03-16T18:41:31","date_gmt":"2022-03-16T18:41:31","guid":{"rendered":"https:\/\/conakrynews.org\/?p=12152"},"modified":"2022-03-16T18:41:31","modified_gmt":"2022-03-16T18:41:31","slug":"louda-balde-sur-le-choix-de-la-personne-qui-doit-piloter-le-dialogue-politique","status":"publish","type":"post","link":"https:\/\/conakrynews.org\/index.php\/louda-balde-sur-le-choix-de-la-personne-qui-doit-piloter-le-dialogue-politique\/","title":{"rendered":"Louda Bald\u00e9\u00a0 sur le choix de la\u00a0 personne qui\u00a0 doit piloter\u00a0 le dialogue politique !"},"content":{"rendered":"<h1 class=\"name post-title entry-title\"><\/h1>\n<p class=\"post-meta\">\n<div class=\"clear\"><\/div>\n<div class=\"entry\">\n<div id=\"m#msg-f:1727464119519627248\" class=\"mail-message expanded\">\n<div class=\"mail-message-header spacer\"><b>A la suite de l\u2019ouverture des s\u00e9ries de rencontres entre le ministre de l\u2019Administration , du territoire et de la d\u00e9centralisation ( MATD) Mory Cond\u00e9\u00a0 et des repr\u00e9sentants des coalitions politiques, nous avons eu un entretien avec le pr\u00e9sident du Parti de l\u2019unit\u00e9 et du renouveau (PUR), Louda Bald\u00e9. La sant\u00e9 du PUR , les attentes du dialogue\u00a0 politique, le message aux politiques et autorit\u00e9s ont \u00e9t\u00e9 entre autres les sujets que nous avons abord\u00e9s. Lisez !<\/b><\/div>\n<div class=\"mail-message-content collapsible zoom-normal  \">\n<div class=\"clear\">\n<div dir=\"auto\">\n<div dir=\"auto\">\n<div dir=\"auto\">\n<div dir=\"auto\"><\/div>\n<div dir=\"auto\"><b>Guineequotidien.com<\/b>\u00a0: Bonjour\u00a0 Monsieur\u00a0 Bald\u00e9 , comment\u00a0 se porte le PUR?<\/div>\n<div dir=\"auto\"><\/div>\n<div dir=\"auto\"><b>Louda Bald\u00e9<\/b>:\u00a0 Le Parti de l\u2019unit\u00e9 et du renouveau se porte bien et les adh\u00e9sions continuent. Ce que nous regrettons c\u2019est le fait que nous n\u2019avons\u00a0 pas encore notre agr\u00e9ment.\u00a0 Mais on se dit c\u2019est un refus parce que nous sommes durs face \u00e0 certains manquements des autorit\u00e9s\u00a0 du pays. Il y a certains proches du pr\u00e9sident Doumbouya qui estiment que nous sommes contre le CNRD mais non. Nous faisons notre travail. Si le colonel Doumbouya pose des bons actes, nous\u00a0 appr\u00e9cierons et le contraire, nous ne serons pas indiff\u00e9rents.\u00a0 Bien que nous n\u2019avons pas notre agr\u00e9ment encore, nous continuons \u00e0 mener la lutte politique.<\/div>\n<div dir=\"auto\">Pour notre agr\u00e9ment,\u00a0 nous pr\u00e9f\u00e9rons\u00a0 faire des d\u00e9clarations\u00a0 pour r\u00e9clamer notre droit. Mais si nous nous rendons compte que c\u2019est un refus, rien de nouq emp\u00eachera de passer \u00e0 \u00e0 la vitesse sup\u00e9rieure \u00e0 travers des\u00a0 manifestations \u00e9videmment.<\/div>\n<div dir=\"auto\"><b>\u00a0<\/b><\/div>\n<div dir=\"auto\"><b>Quelle<\/b>\u00a0<b>est<\/b>\u00a0<b>votre<\/b>\u00a0<b>impression<\/b>\u00a0<b>par<\/b>\u00a0<strong>r<\/strong><b>apport au\u00a0<\/b><b>dialogue\u00a0<\/b>\u00a0<b>politique\u00a0<\/b>\u00a0<b>engag\u00e9<\/b>\u00a0<b>par<\/b>\u00a0<b>le<\/b>\u00a0<b>MATD?<\/b><\/div>\n<div dir=\"auto\"><b>\u00a0<\/b><\/div>\n<div dir=\"auto\">\u00a0Depuis la prise du pouvoir par le CNRD le 5 septembre 2021, le parti PUR est parmi les formations politiques guin\u00e9ennes pour ne pas dire la seule \u00e0\u00a0 toujours appeler au dialogue. Vous le savez bien que moi, la transition est une p\u00e9riode de crise. C\u2019est poursuoi,\u00a0 conscient que toutes les crises, les guerres sont termin\u00e9es au tour de la table , nous avons r\u00e9guli\u00e8rement r\u00e9clam\u00e9 le dialogue.<\/div>\n<div dir=\"auto\">Mais malheureusement, c\u2019est apr\u00e8s plus de six mois que les nouvelles autorit\u00e9s veulent engager un couloir de dialogue. Bon, ce n\u2019est pas tard\u00a0 mais on aurait aim\u00e9 que \u00e7a soit plut\u00f4t.<\/div>\n<div dir=\"auto\">Maintenant, ce que nous souhaitons qu\u2019il ait un dialogue franc et sinc\u00e8re tout en tenant compte des propositions faites.<\/div>\n<div dir=\"auto\">Parce que lors des derni\u00e8res concertations avec le pr\u00e9sident de la R\u00e9publique, colonel Mamadi Doumbouya, ils \u00e9taient nombreux parmi les politiques\u00a0 qu\u2019ont d\u00e9pos\u00e9 des m\u00e9mos o\u00f9 il y a eu assez de recommandations qui n\u2019ont pas \u00e9t\u00e9 prises en compte.<\/div>\n<div dir=\"auto\"><\/div>\n<div dir=\"auto\">Cette fois-ci , nous esp\u00e9rons que le couloir qu\u2019ils veulent ouvrir tiendra compte des pr\u00e9occupations des partis politiques qu\u2019il faut le rappeler repr\u00e9sente une partie de la population.<\/div>\n<div dir=\"auto\"><\/div>\n<div dir=\"auto\"><b>Selon le communiqu\u00e9 du MATD, c\u2019est le ministre Mory Cond\u00e9 qui est charg\u00e9 de pilot\u00e9 le Cadre de concertation. Pensez-vous que c\u2019est le meilleur choix ?\u00a0<\/b><\/div>\n<div dir=\"auto\"><\/div>\n<div dir=\"auto\">En fait, au sein du PUR, c\u2019est la cr\u00e9dibilit\u00e9 du dialogue que nous\u00a0 cherchons. Mais n\u2019oubliez pas dans cette transition, nous avons quatre organes: la pr\u00e9sidence, le CNRD, le CNT et le Gouvernement.<\/div>\n<div dir=\"auto\">Partant de cette r\u00e9alit\u00e9, on aurait aim\u00e9 \u00eatre\u00a0 en contact direct avec un\u00a0 responsable d\u2019un de ces organes.<\/div>\n<div dir=\"auto\">Ce qui allait \u00eatre id\u00e9al que ce processus soit sous le contr\u00f4le direct\u00a0 du pr\u00e9sident de la R\u00e9publique.Tous les organes ont \u00e9t\u00e9 laiss\u00e9s pour confier le travail \u00e0 un\u00a0 seul minist\u00e8re. \u00c7a ne nous rassure pas \u00e0 100%. En d\u00e9pit du tout , nous\u00a0 comptons participer \u00e0 la rencontre.<\/div>\n<div dir=\"auto\"><b>\u00a0<\/b><\/div>\n<div dir=\"auto\"><b>En tant que leader politique, qu\u2019est ce que vous trouvez\u00a0 comme la priorit\u00e9 des priorit\u00e9s ?<\/b><\/div>\n<div dir=\"auto\"><\/div>\n<div dir=\"auto\">\u00a0C\u2019est le retour \u00e0 l\u2019ordre constitutionnel qui se mat\u00e9rialise par l\u2019organisation\u00a0 des \u00e9lections libres et transparences.C\u2019est la priorit\u00e9 num\u00e9ro 1. C\u2019est sur \u00e7a que nous devons nous focaliser. Trouver un chronogramme accept\u00e9 et acceptable par tous les Guin\u00e9ens dont la finalit\u00e9\u00a0 va aboutir \u00e0 l\u2019organisation des \u00e9lections.\u00a0 Cette absence fait que nous manquons aujourd\u2019hui de visibilit\u00e9.<\/div>\n<div dir=\"auto\"><\/div>\n<div dir=\"auto\"><b>Quel message avez-vous pour les politiques ?<\/b><\/div>\n<div dir=\"auto\"><b>\u00a0<\/b><\/div>\n<div dir=\"auto\">Notre message est de leur appeler \u00e0 l\u2019unit\u00e9 nationale gage de la paix.<\/div>\n<div dir=\"auto\">Aux membres du Gouvernement de poser des actes\u00a0 justes, f\u00e9d\u00e9rateurs pour la reussite de cette transition .<\/div>\n<div dir=\"auto\">Vous avez vu c\u2019est quand une cinquantaine de partis politiques a menac\u00e9 de reprendre les manifestations si un cadre de concertation n\u2019est pas trouv\u00e9,\u00a0 que le MATD a annonc\u00e9 l\u2019ouverture du cadre de concrtation avec les politiques.\u00a0 Ce n\u2019est pas une bonne chose. Les autorit\u00e9s devraient\u00a0 \u00a0cr\u00e9er un cadre de concertation d\u00e9puis.<\/div>\n<div dir=\"auto\">Il faut que tous les Guin\u00e9ens\u00a0 comprennent\u00a0 que seul\u00a0 un dialogue\u00a0 sinc\u00e8re permettra\u00a0 d\u2019avoir une transition apais\u00e9e et r\u00e9ussie.<\/div>\n<div dir=\"auto\"><\/div>\n<div dir=\"auto\"><\/div>\n<div dir=\"auto\"><b>Ahmed<\/b>\u00a0<b>Diallo<\/b>\u00a0<b>pour<\/b>\u00a0<b>Guineequotidien.com<\/b><\/div>\n<\/div>\n<\/div>\n<\/div>\n<\/div>\n<\/div>\n<\/div>\n<\/div>\n","protected":false},"excerpt":{"rendered":"<p>A la suite de l\u2019ouverture des s\u00e9ries de rencontres entre le ministre de l\u2019Administration , du territoire et de la d\u00e9centralisation ( MATD) Mory Cond\u00e9\u00a0 et des repr\u00e9sentants des coalitions politiques, nous avons eu un entretien avec le pr\u00e9sident du Parti de l\u2019unit\u00e9 et du renouveau (PUR), Louda Bald\u00e9. La sant\u00e9 du PUR , les [&hellip;]<\/p>\n","protected":false},"author":2,"featured_media":12153,"comment_status":"closed","ping_status":"closed","sticky":false,"template":"","format":"standard","meta":{"footnotes":""},"categories":[57],"tags":[],"class_list":{"0":"post-12152","1":"post","2":"type-post","3":"status-publish","4":"format-standard","5":"has-post-thumbnail","7":"category-politique"},"_links":{"self":[{"href":"https:\/\/conakrynews.org\/index.php\/wp-json\/wp\/v2\/posts\/12152","targetHints":{"allow":["GET"]}}],"collection":[{"href":"https:\/\/conakrynews.org\/index.php\/wp-json\/wp\/v2\/posts"}],"about":[{"href":"https:\/\/conakrynews.org\/index.php\/wp-json\/wp\/v2\/types\/post"}],"author":[{"embeddable":true,"href":"https:\/\/conakrynews.org\/index.php\/wp-json\/wp\/v2\/users\/2"}],"replies":[{"embeddable":true,"href":"https:\/\/conakrynews.org\/index.php\/wp-json\/wp\/v2\/comments?post=12152"}],"version-history":[{"count":0,"href":"https:\/\/conakrynews.org\/index.php\/wp-json\/wp\/v2\/posts\/12152\/revisions"}],"wp:featuredmedia":[{"embeddable":true,"href":"https:\/\/conakrynews.org\/index.php\/wp-json\/wp\/v2\/media\/12153"}],"wp:attachment":[{"href":"https:\/\/conakrynews.org\/index.php\/wp-json\/wp\/v2\/media?parent=12152"}],"wp:term":[{"taxonomy":"category","embeddable":true,"href":"https:\/\/conakrynews.org\/index.php\/wp-json\/wp\/v2\/categories?post=12152"},{"taxonomy":"post_tag","embeddable":true,"href":"https:\/\/conakrynews.org\/index.php\/wp-json\/wp\/v2\/tags?post=12152"}],"curies":[{"name":"wp","href":"https:\/\/api.w.org\/{rel}","templated":true}]}}