{"id":12155,"date":"2022-03-16T18:47:50","date_gmt":"2022-03-16T18:47:50","guid":{"rendered":"https:\/\/conakrynews.org\/?p=12155"},"modified":"2022-03-16T18:47:50","modified_gmt":"2022-03-16T18:47:50","slug":"loffensive-russe-en-ukraine-et-la-resurrection-de-lotan","status":"publish","type":"post","link":"https:\/\/conakrynews.org\/index.php\/loffensive-russe-en-ukraine-et-la-resurrection-de-lotan\/","title":{"rendered":"L\u2019offensive russe en Ukraine et la r\u00e9surrection de l\u2019Otan"},"content":{"rendered":"<h1 class=\"name post-title entry-title\"><\/h1>\n<p class=\"post-meta\">\n<div class=\"clear\"><\/div>\n<div class=\"entry\">\n<p>Depuis l\u2019invasion de l\u2019Ukraine par la Russie (le 24 f\u00e9vrier), l\u2019OTAN redevient la pierre angulaire de l\u2019architecture de s\u00e9curit\u00e9 en Europe. L\u2019Alliance atlantique retrouve un sens et une mission, prot\u00e9ger ses fronti\u00e8res.<\/p>\n<p>D\u00e9clar\u00e9e en \u00e9tat de mort c\u00e9r\u00e9brale en 2019 par Emmanuel Macron alors en froid avec la Turquie, conspu\u00e9e par Donald Trump qui reprochait le manque d\u2019investissement financier des Europ\u00e9ens, affaiblie m\u00eame, apr\u00e8s le d\u00e9part pr\u00e9cipit\u00e9 de Kaboul cet \u00e9t\u00e9, l\u2019Alliance atlantique est pourtant de retour.<\/p>\n<p>L\u2019invasion de l\u2019Ukraine a permis de souder les membres de l\u2019Otan comme jamais, souligne Am\u00e9lie Zima de l\u2019Institut de recherche strat\u00e9gique \u00e0 l\u2019\u00e9cole militaire\u00a0:\u00a0<em>\u00ab\u00a0Le bloc occidental pouvait sembler un peu d\u00e9suni suite au retrait non concert\u00e9 de l\u2019Afghanistan. Et en fait le bloc est de nouveau compl\u00e9tement coh\u00e9rent, unifi\u00e9 et solidaire. Ce que les actions du pr\u00e9sident Russe ont fait, c\u2019est de recentrer d\u2019une certaine fa\u00e7on l\u2019Alliance sur son c\u0153ur de m\u00e9tier, c\u2019est-\u00e0-dire pas des missions hors-zone, pas des missions hors du territoire de l\u2019Atlantique Nord, mais justement des missions qui portent sur la dissuasion, sur la d\u00e9fense territoriale, sur la d\u00e9fense des \u00c9tats membres de l\u2019Otan.\u00a0\u00bb<\/em><\/p>\n<h2>Une mont\u00e9e en puissance graduelle<\/h2>\n<p>Face \u00e0 l\u2019intervention militaire russe en Ukraine, l\u2019Otan montre les muscles. Les Alli\u00e9s ont d\u00e9cid\u00e9 de renforcer leur pr\u00e9sence militaire sur le flanc Est de l\u2019Europe. Et surtout, l\u2019Alliance Atlantique a d\u00e9clench\u00e9 son plan rouge. La \u00ab\u00a0<em>force \u00e0 tr\u00e8s haut niveau de r\u00e9activit\u00e9\u00a0<\/em>\u00bb de l\u2019Otan, dont la France a pris le commandement en d\u00e9but d\u2019ann\u00e9e, a \u00e9t\u00e9 mise en alerte et ce n\u2019est pas commun, indique Elie Tenenbaum directeur de recherche \u00e0 l\u2019Institut fran\u00e7ais des Relations Internationales\u00a0:\u00a0<em>\u00ab\u00a0Suite \u00e0 la mont\u00e9e des tensions, puis \u00e0 la nouvelle agression russe, majeure, le 24 f\u00e9vrier, on a \u00e0 nouveau vu cette pr\u00e9sence se renforcer, avec notamment l\u2019activation de la Force de r\u00e9action de l\u2019Otan, La Nato Response Force, pour la premi\u00e8re fois de son histoire. Elle avait \u00e9t\u00e9 cr\u00e9\u00e9e au d\u00e9but des ann\u00e9es 2000. Il s\u2019agit d\u2019un corps de r\u00e9action rapide d\u2019environ 40 000 hommes, l\u2019ensemble n\u2019a pas \u00e9t\u00e9 d\u00e9ploy\u00e9, mais une partie a \u00e9t\u00e9 pr\u00e9lev\u00e9e, on a parl\u00e9 par exemple des 8 000 militaires am\u00e9ricains arriv\u00e9s en Pologne, des 500 soldats fran\u00e7ais en Roumanie et qui font partie de cette force de r\u00e9action de l\u2019Otan.\u00a0\u00bb<\/em><\/p>\n<h2><strong>La Su\u00e8de et la Finlande r\u00e9\u00e9tudient la question<\/strong><\/h2>\n<p><em>Joe Biden, le\u00a024 f\u00e9vrier 2022\u00a0:\u00a0\u00ab Nous d\u00e9fendrons le moindre pouce de territoire de nos alli\u00e9es de l\u2019Otan \u00e0 l\u2019Est\u00a0\u00bb<\/em>. Une telle d\u00e9claration pourrait-elle inciter d\u2019autres pays \u00e0 rejoindre l\u2019Alliance ? Et l\u2019on reparle de l\u2019adh\u00e9sion de la Finlande et de la Su\u00e8de. Pour la premi\u00e8re fois depuis la Seconde Guerre mondiale, ces deux nations d\u00e9battent de leur neutralit\u00e9. Stockholm et Helsinki ont annonc\u00e9 que jamais la Russie ne les emp\u00eacherait de rejoindre l\u2019Otan. En Europe, les lignes bougent, pointe Am\u00e9lie Zima\u00a0:\u00a0<em>\u00ab\u00a0Avant l\u2019invasion de l\u2019Ukraine, les populations des deux pays n\u2019\u00e9taient pas majoritairement favorables \u00e0 l\u2019adh\u00e9sion \u00e0 l\u2019Otan, mais les plus r\u00e9centes enqu\u00eates d\u2019opinion montrent qu\u2019environ la moiti\u00e9 des Su\u00e9dois et des Finlandais \u2013 49 et 51% \u2013 seraient d\u00e9sormais en faveur de l\u2019adh\u00e9sion. Donc on voit que les actions de la Russie rendent l\u2019Otan plus attractive et plus l\u00e9gitime aux yeux de ses partenaires. Pour l\u2019instant, il n\u2019y a pas de d\u00e9cision officielle, il y a des d\u00e9bats qui sont en cours dans les deux pays, ces deux nations sont favorables \u00e0 la politique de la porte ouverte de l\u2019Otan. Finlandais et Su\u00e9dois estiment que n\u2019importe quel \u00c9tat a le droit de candidater \u00e0 l\u2019Otan et que la d\u00e9cision doit \u00eatre prise uniquement entre le pays candidat et l\u2019Alliance. Ils rejettent les v\u00e9tos de pays tiers comme celui de la Russie par exemple.\u00a0\u00bb<\/em><\/p>\n<h2><strong>Vers une nouvelle strat\u00e9gie<\/strong><\/h2>\n<p>\u00c0 l\u2019\u00e9tude depuis deux ans, le concept strat\u00e9gique de l\u2019Otan sera soumis au sommet de Madrid en juin prochain et pourrait se traduire par plus d\u2019Otan, estime Elie Tenenbaum,\u00a0<em>\u00ab\u00a0Plusieurs choses sont sur la table, notamment le renforcement de la place de la d\u00e9fense collective. Il y a aussi d\u2019autres \u00e9l\u00e9ments comme l\u2019ensemble de la conflictualit\u00e9 dite hybride, les champs du cyber, de la guerre de l\u2019information, mais \u00e9galement de l\u2019espace. Et le dernier sujet, c\u2019est bien \u00e9videment la Chine, la mont\u00e9e en puissance de la Chine et ses r\u00e9percussions sur la s\u00e9curit\u00e9, y compris en Europe m\u00eame et dans l\u2019Atlantique Nord. Ce sujet devrait\u00a0\u00eatre \u00e9voqu\u00e9 dans le Conseil strat\u00e9gique, sous une forme qui reste encore \u00e0 d\u00e9finir. La menace russe redonne une vigueur particuli\u00e8re \u00e0 l\u2019Otan, \u00e7a ne fait aucun doute.\u00a0\u00bb<\/em><\/p>\n<p>\u00c0 la lumi\u00e8re de la guerre en Ukraine, la boussole strat\u00e9gique de l\u2019Union europ\u00e9enne doit \u00e9galement \u00eatre adopt\u00e9e d\u2019ici \u00e0 la fin du mois. Ces deux revues strat\u00e9giques permettront de mesurer l\u2019ampleur des transformations en cours dans la s\u00e9curisation de l\u2019Europe.<\/p>\n<p>&nbsp;<\/p>\n<p><strong>Avec AFP<\/strong><\/p>\n<\/div>\n","protected":false},"excerpt":{"rendered":"<p>Depuis l\u2019invasion de l\u2019Ukraine par la Russie (le 24 f\u00e9vrier), l\u2019OTAN redevient la pierre angulaire de l\u2019architecture de s\u00e9curit\u00e9 en Europe. L\u2019Alliance atlantique retrouve un sens et une mission, prot\u00e9ger ses fronti\u00e8res. D\u00e9clar\u00e9e en \u00e9tat de mort c\u00e9r\u00e9brale en 2019 par Emmanuel Macron alors en froid avec la Turquie, conspu\u00e9e par Donald Trump qui reprochait [&hellip;]<\/p>\n","protected":false},"author":2,"featured_media":12156,"comment_status":"closed","ping_status":"closed","sticky":false,"template":"","format":"standard","meta":{"footnotes":""},"categories":[58],"tags":[],"class_list":{"0":"post-12155","1":"post","2":"type-post","3":"status-publish","4":"format-standard","5":"has-post-thumbnail","7":"category-societe"},"_links":{"self":[{"href":"https:\/\/conakrynews.org\/index.php\/wp-json\/wp\/v2\/posts\/12155","targetHints":{"allow":["GET"]}}],"collection":[{"href":"https:\/\/conakrynews.org\/index.php\/wp-json\/wp\/v2\/posts"}],"about":[{"href":"https:\/\/conakrynews.org\/index.php\/wp-json\/wp\/v2\/types\/post"}],"author":[{"embeddable":true,"href":"https:\/\/conakrynews.org\/index.php\/wp-json\/wp\/v2\/users\/2"}],"replies":[{"embeddable":true,"href":"https:\/\/conakrynews.org\/index.php\/wp-json\/wp\/v2\/comments?post=12155"}],"version-history":[{"count":0,"href":"https:\/\/conakrynews.org\/index.php\/wp-json\/wp\/v2\/posts\/12155\/revisions"}],"wp:featuredmedia":[{"embeddable":true,"href":"https:\/\/conakrynews.org\/index.php\/wp-json\/wp\/v2\/media\/12156"}],"wp:attachment":[{"href":"https:\/\/conakrynews.org\/index.php\/wp-json\/wp\/v2\/media?parent=12155"}],"wp:term":[{"taxonomy":"category","embeddable":true,"href":"https:\/\/conakrynews.org\/index.php\/wp-json\/wp\/v2\/categories?post=12155"},{"taxonomy":"post_tag","embeddable":true,"href":"https:\/\/conakrynews.org\/index.php\/wp-json\/wp\/v2\/tags?post=12155"}],"curies":[{"name":"wp","href":"https:\/\/api.w.org\/{rel}","templated":true}]}}