{"id":12161,"date":"2022-03-17T11:57:19","date_gmt":"2022-03-17T11:57:19","guid":{"rendered":"https:\/\/conakrynews.org\/?p=12161"},"modified":"2022-03-17T13:10:18","modified_gmt":"2022-03-17T13:10:18","slug":"transition-politique-en-guinee-la-copam-reitere-sa-volonte-de-soutenir-le-cnrd","status":"publish","type":"post","link":"https:\/\/conakrynews.org\/index.php\/transition-politique-en-guinee-la-copam-reitere-sa-volonte-de-soutenir-le-cnrd\/","title":{"rendered":"Transition politique en Guin\u00e9e : La COPAM r\u00e9it\u00e8re sa volont\u00e9 de soutenir le CNRD\u00a0\u00a0"},"content":{"rendered":"<div id=\"m4728529204583477684\" class=\"mail-message expanded\">\n<div class=\"mail-message-content collapsible zoom-normal mail-show-images \">\n<div class=\"clear\">\n<div dir=\"auto\">\n<div dir=\"auto\"><\/div>\n<div dir=\"auto\"><\/div>\n<div dir=\"auto\"><\/div>\n<div dir=\"auto\"><\/div>\n<div dir=\"auto\"><\/div>\n<div dir=\"auto\"><\/div>\n<div dir=\"auto\">Le ministre de l&rsquo;administration du territoire a rencontr\u00e9 des acteurs politiques ce mercredi,16 mars 2022, dans les locaux\u00a0 dudit minist\u00e8re.\u00c0 l&rsquo;odre du jour,mettre en place un cadre de\u00a0 dialogue national\u00a0 afin de discuter sur des\u00a0 questions essentielles sur la situation sociopolitique de la Guin\u00e9e.<\/p>\n<\/div>\n<div dir=\"auto\"><\/div>\n<div dir=\"auto\"><\/div>\n<div dir=\"auto\"><\/div>\n<div dir=\"auto\">\u00c0 sa sortie de la r\u00e9union, l&rsquo;honorable cheick Traor\u00e9, leader politique et membre de la Coordination des partis politiques Alli\u00e9s de la Mouvance (COPAM), a declar\u00e9 qu&rsquo;il \u00e9tait question d&rsquo;echanger sur la mise en place un cadre de dialogue national qui nous permettra de r\u00e9gler nos diff\u00e9rends.\u2039\u2039 La premi\u00e8re question qui\u00a0 nous a \u00e9t\u00e9 pos\u00e9 dans la salle, c&rsquo;est\u00a0 si le dialogue devait \u00eatre bipartite; C&rsquo;est \u00e0 dire entre le gouvernement et les politiques.Nous avons dit non qu&rsquo;il faut \u00e9largir. Parce que faire un dialogue \u00e0 notre sens bipartite, cela va biaiser le processus de r\u00e9conciliation nationale\u203a\u203a, a expliqu\u00e9 l&rsquo;honorable cheick Traor\u00e9.<\/p>\n<\/div>\n<div dir=\"auto\"><\/div>\n<div dir=\"auto\"><\/div>\n<div dir=\"auto\"><\/div>\n<div dir=\"auto\"><\/div>\n<div dir=\"auto\"><\/div>\n<div dir=\"auto\"><\/div>\n<div dir=\"auto\"><\/div>\n<div dir=\"auto\">\n<p>Rencherissant,\u00a0 il a dit :\u2039\u2039 On a vu depuis que le multipartisme int\u00e9grale a \u00e9t\u00e9 mise en place, les accords politiques ont toujours but\u00e9 sur les doutes et cela a toujours fragilis\u00e9 notre\u00a0 tissu social. Donc, pour nous, au niveau de la COPAM, il faut \u00e9largir le dialogue.Le ministre\u00a0 nous a \u00e9galement pos\u00e9 la question sur notre point de vue sur la CRIEF et la r\u00e9cup\u00e9ration des domaines de l&rsquo;\u00c9tat. Nous avons dit que la COPAM donne cent pour cent\u00a0 son soutien \u00e0 cet exercice du gouvernement.E t nous avons ajout\u00e9 qu&rsquo;ils doivent jamais reculer dans la mesure o\u00f9 un gouvernement d\u00e9mocratiquement \u00e9lu qui est candidat \u00e0 sa succession n&rsquo;osera jamais prendre de telles d\u00e9cisions impopulaires. Ce qui appartient \u00e0\u00a0 tous\u00a0 les guin\u00e9ens doit revenir dans le portefeuille \u0111e la Guin\u00e9e\u203a\u203a, a pr\u00e9cis\u00e9 l&rsquo;honorable cheick, membre de la COPAM.<\/p><\/div>\n<div dir=\"auto\"><\/div>\n<div dir=\"auto\"><\/div>\n<div dir=\"auto\"><\/div>\n<div dir=\"auto\"><\/div>\n<div dir=\"auto\"><\/div>\n<div dir=\"auto\"><\/div>\n<div dir=\"auto\"><\/div>\n<div dir=\"auto\"><\/div>\n<div dir=\"auto\"><\/div>\n<div dir=\"auto\">\u00a0<\/p>\n<p>Avant\u00a0 de souligner qu&rsquo;apr\u00e8s cet exercice de rencontre avec toutes les composantes politiques, \u00e9conomiques et sociales du pays, un canevas sera mis en place. Nous serons mis en copie et le processus de concertation sera en cours.<\/p><\/div>\n<div dir=\"auto\"><\/div>\n<div dir=\"auto\"><\/div>\n<div dir=\"auto\"><\/div>\n<div dir=\"auto\"><\/div>\n<div dir=\"auto\"><\/div>\n<div dir=\"auto\"><\/div>\n<div dir=\"auto\"><\/div>\n<div dir=\"auto\"><\/div>\n<div dir=\"auto\"><\/div>\n<div dir=\"auto\">\n<p>Parlant des attentes de la COPAM,honorable cheick Traor\u00e9\u00a0 a\u00a0 demand\u00e9\u00a0 que les cinq (5) piliers que le CNRD \u00e0 mis en place soient mis au service des guin\u00e9ens pas seulement les politiques.<\/p><\/div>\n<div dir=\"auto\"><\/div>\n<div dir=\"auto\"><\/div>\n<div dir=\"auto\"><\/div>\n<div dir=\"auto\"><\/div>\n<div dir=\"auto\"><\/div>\n<div dir=\"auto\"><\/div>\n<div dir=\"auto\">\n<p>Pour clore, il a exhort\u00e9 le\u00a0 CNRD \u00e0 donner des moyens aux gens\u00a0 pour mieux communiquer sur les actions qu&rsquo;ils posent sur le terrain<\/p><\/div>\n<div dir=\"auto\"><\/div>\n<div dir=\"auto\"><\/div>\n<div dir=\"auto\"><\/div>\n<div dir=\"auto\"><\/div>\n<div dir=\"auto\"><\/div>\n<div dir=\"auto\"><\/div>\n<div dir=\"auto\"><\/div>\n<div dir=\"auto\">\n<p>Pour sa part, le pr\u00e9sident du parti Rassemblement pour une Guin\u00e9e Prosp\u00e8re (RGP), \u00e9galement membre de la Coordination des partis politiques Alli\u00e9s de la Mouvance (COPAM),a affirm\u00e9 que la COPAM\u00a0 n&rsquo;est affili\u00e9e\u00a0 \u00e0 aucune coalition, elle a quitt\u00e9 toutes les inter-coalition des partis politiques de la Guin\u00e9e.<\/p><\/div>\n<div dir=\"auto\"><\/div>\n<div dir=\"auto\"><\/div>\n<div dir=\"auto\"><\/div>\n<div dir=\"auto\"><\/div>\n<div dir=\"auto\"><\/div>\n<div dir=\"auto\"><\/div>\n<div dir=\"auto\"><\/div>\n<div dir=\"auto\">\n<p>De m\u00eame,le pr\u00e9sident du RGP a r\u00e9it\u00e9r\u00e9 l&rsquo;engagement et le soutien de la COPAM a accompagn\u00e9 le CNRD dans sa volont\u00e9 de faire de la Guin\u00e9e un pays \u00e9mergent.<\/p><\/div>\n<div dir=\"auto\"><\/div>\n<div dir=\"auto\"><\/div>\n<div dir=\"auto\"><\/div>\n<div dir=\"auto\"><\/div>\n<div dir=\"auto\">\n<p>Sylla Ibrahima Kalil, pour\u00a0<a href=\"https:\/\/conakrynews.org\/\" target=\"_blank\" rel=\"noopener noreferrer\" data-saferedirecturl=\"https:\/\/www.google.com\/url?q=http:\/\/www.cpankrynews.org&amp;source=gmail&amp;ust=1647604118202000&amp;usg=AOvVaw3GkpTAFeQj1bCP4dt3LhaT\">www.cpankrynews.org<\/a>\u00a0625444534<\/div>\n<\/div>\n<\/div>\n<\/div>\n<div class=\"mail-message-footer spacer collapsible\"><\/div>\n<\/div>\n","protected":false},"excerpt":{"rendered":"<p>Le ministre de l&rsquo;administration du territoire a rencontr\u00e9 des acteurs politiques ce mercredi,16 mars 2022, dans les locaux\u00a0 dudit minist\u00e8re.\u00c0 l&rsquo;odre du jour,mettre en place un cadre de\u00a0 dialogue national\u00a0 afin de discuter sur des\u00a0 questions essentielles sur la situation sociopolitique de la Guin\u00e9e. \u00c0 sa sortie de la r\u00e9union, l&rsquo;honorable cheick Traor\u00e9, leader politique [&hellip;]<\/p>\n","protected":false},"author":2,"featured_media":12162,"comment_status":"closed","ping_status":"closed","sticky":false,"template":"","format":"standard","meta":{"footnotes":""},"categories":[57],"tags":[],"class_list":{"0":"post-12161","1":"post","2":"type-post","3":"status-publish","4":"format-standard","5":"has-post-thumbnail","7":"category-politique"},"_links":{"self":[{"href":"https:\/\/conakrynews.org\/index.php\/wp-json\/wp\/v2\/posts\/12161","targetHints":{"allow":["GET"]}}],"collection":[{"href":"https:\/\/conakrynews.org\/index.php\/wp-json\/wp\/v2\/posts"}],"about":[{"href":"https:\/\/conakrynews.org\/index.php\/wp-json\/wp\/v2\/types\/post"}],"author":[{"embeddable":true,"href":"https:\/\/conakrynews.org\/index.php\/wp-json\/wp\/v2\/users\/2"}],"replies":[{"embeddable":true,"href":"https:\/\/conakrynews.org\/index.php\/wp-json\/wp\/v2\/comments?post=12161"}],"version-history":[{"count":0,"href":"https:\/\/conakrynews.org\/index.php\/wp-json\/wp\/v2\/posts\/12161\/revisions"}],"wp:featuredmedia":[{"embeddable":true,"href":"https:\/\/conakrynews.org\/index.php\/wp-json\/wp\/v2\/media\/12162"}],"wp:attachment":[{"href":"https:\/\/conakrynews.org\/index.php\/wp-json\/wp\/v2\/media?parent=12161"}],"wp:term":[{"taxonomy":"category","embeddable":true,"href":"https:\/\/conakrynews.org\/index.php\/wp-json\/wp\/v2\/categories?post=12161"},{"taxonomy":"post_tag","embeddable":true,"href":"https:\/\/conakrynews.org\/index.php\/wp-json\/wp\/v2\/tags?post=12161"}],"curies":[{"name":"wp","href":"https:\/\/api.w.org\/{rel}","templated":true}]}}