{"id":12298,"date":"2022-03-30T05:25:20","date_gmt":"2022-03-30T05:25:20","guid":{"rendered":"https:\/\/conakrynews.org\/?p=12298"},"modified":"2022-03-30T07:02:08","modified_gmt":"2022-03-30T07:02:08","slug":"signature-de-laccord-cadre-du-projet-simandou-le-charge-de-la-gouvernance-et-du-developpement-du-patronat-uniqueel-hadj-mohamed-habib-hann-remercie-et-felicite-le-gouvernement","status":"publish","type":"post","link":"https:\/\/conakrynews.org\/index.php\/signature-de-laccord-cadre-du-projet-simandou-le-charge-de-la-gouvernance-et-du-developpement-du-patronat-uniqueel-hadj-mohamed-habib-hann-remercie-et-felicite-le-gouvernement\/","title":{"rendered":"Signature de l&rsquo;accord cadre du projet Simandou : Le charg\u00e9 de la Gouvernance et du d\u00e9veloppement du patronat unifi\u00e9,El hadj Mohamed Habib Hann,  remercie et  f\u00e9licite le Gouvernement Guin\u00e9en"},"content":{"rendered":"<p><img loading=\"lazy\" decoding=\"async\" src=\"https:\/\/conakrynews.org\/wp-content\/uploads\/2022\/03\/IMG_20220329_132404_6-500x375.jpg\" alt=\"\" width=\"500\" height=\"375\" class=\"alignright size-medium wp-image-12304\" srcset=\"https:\/\/conakrynews.org\/wp-content\/uploads\/2022\/03\/IMG_20220329_132404_6-500x375.jpg 500w, https:\/\/conakrynews.org\/wp-content\/uploads\/2022\/03\/IMG_20220329_132404_6-768x576.jpg 768w, https:\/\/conakrynews.org\/wp-content\/uploads\/2022\/03\/IMG_20220329_132404_6-1536x1152.jpg 1536w, https:\/\/conakrynews.org\/wp-content\/uploads\/2022\/03\/IMG_20220329_132404_6-2048x1536.jpg 2048w\" sizes=\"auto, (max-width: 500px) 100vw, 500px\" \/><img loading=\"lazy\" decoding=\"async\" src=\"https:\/\/conakrynews.org\/wp-content\/uploads\/2022\/03\/IMG_20220329_133907_4-500x375.jpg\" alt=\"\" width=\"500\" height=\"375\" class=\"alignright size-medium wp-image-12305\" srcset=\"https:\/\/conakrynews.org\/wp-content\/uploads\/2022\/03\/IMG_20220329_133907_4-500x375.jpg 500w, https:\/\/conakrynews.org\/wp-content\/uploads\/2022\/03\/IMG_20220329_133907_4-768x576.jpg 768w, https:\/\/conakrynews.org\/wp-content\/uploads\/2022\/03\/IMG_20220329_133907_4-1536x1152.jpg 1536w, https:\/\/conakrynews.org\/wp-content\/uploads\/2022\/03\/IMG_20220329_133907_4-2048x1536.jpg 2048w\" sizes=\"auto, (max-width: 500px) 100vw, 500px\" \/><img loading=\"lazy\" decoding=\"async\" src=\"https:\/\/conakrynews.org\/wp-content\/uploads\/2022\/03\/IMG_20220329_132404_6-500x375.jpg\" alt=\"\" width=\"500\" height=\"375\" class=\"alignright size-medium wp-image-12304\" srcset=\"https:\/\/conakrynews.org\/wp-content\/uploads\/2022\/03\/IMG_20220329_132404_6-500x375.jpg 500w, https:\/\/conakrynews.org\/wp-content\/uploads\/2022\/03\/IMG_20220329_132404_6-768x576.jpg 768w, https:\/\/conakrynews.org\/wp-content\/uploads\/2022\/03\/IMG_20220329_132404_6-1536x1152.jpg 1536w, https:\/\/conakrynews.org\/wp-content\/uploads\/2022\/03\/IMG_20220329_132404_6-2048x1536.jpg 2048w\" sizes=\"auto, (max-width: 500px) 100vw, 500px\" \/><img loading=\"lazy\" decoding=\"async\" src=\"https:\/\/conakrynews.org\/wp-content\/uploads\/2022\/03\/IMG_20220329_132324_6-500x375.jpg\" alt=\"\" width=\"500\" height=\"375\" class=\"alignright size-medium wp-image-12313\" srcset=\"https:\/\/conakrynews.org\/wp-content\/uploads\/2022\/03\/IMG_20220329_132324_6-500x375.jpg 500w, https:\/\/conakrynews.org\/wp-content\/uploads\/2022\/03\/IMG_20220329_132324_6-768x576.jpg 768w, https:\/\/conakrynews.org\/wp-content\/uploads\/2022\/03\/IMG_20220329_132324_6-1536x1152.jpg 1536w, https:\/\/conakrynews.org\/wp-content\/uploads\/2022\/03\/IMG_20220329_132324_6-2048x1536.jpg 2048w\" sizes=\"auto, (max-width: 500px) 100vw, 500px\" \/><\/p>\n<p>Ce mardi,30 mars 2022, les membres  de la conf\u00e9d\u00e9ration G\u00e9n\u00e9ral des Entreprises de Guin\u00e9e en collaboration avec la chambre  de  commerce ,d\u2019industrie et de l\u2019artisanat et le mouvement syndical, ont salu\u00e9  et f\u00e9liciter le gouvernement  du Colonel Mamady Doumbouya ainsi  que les partenaires du Rio-Tinto  pour  la signature de l&rsquo;accord cadre  du gisement de fer  du mont Simandou.Reunis en Assembl\u00e9e g\u00e9n\u00e9rale extraordinaire dans un r\u00e9ceptif h\u00f4telier de la place,les  responsables du tout nouveau  Patronat unifi\u00e9 \u00e0 travers une d\u00e9claration commune rendu publique cet apr\u00e8s midi,ont r\u00e9it\u00e9r\u00e9 leur volont\u00e9 de  soutenir des actions  de d\u00e9veloppement enclench\u00e9es  par des nouvelles autorit\u00e9s de la Guin\u00e9e(CNRD).<\/p>\n<p>Ces membres de la conf\u00e9d\u00e9ration G\u00e9n\u00e9rale des Entreprises de Guin\u00e9e r\u00e9affirment leur volont\u00e9 in\u00e9branlable de coop\u00e9ration strat\u00e9gique dans tous les domaines vis\u00e9s  par l&rsquo;accord intervenu  entre la Guin\u00e9e et ses partenaires.<\/p>\n<p>Selon un membre de la conf\u00e9d\u00e9ration G\u00e9n\u00e9ral des Entreprises de Guin\u00e9e, ce nouvel accord cadre qui garantit la s\u00e9curit\u00e9 des investissements et les investisseurs pr\u00e9voit   et garantit  \u00e9galement la cr\u00e9ation des  co-entreprises  pour une plus grande implication de l\u2019Etat et du secteur priv\u00e9 guin\u00e9en ainsi que les communaut\u00e9s locales au processus.<\/p>\n<p>\u2039\u2039 Nous devons agir en symbiose avec l\u2019Etat afin de  r\u00e9aliser d\u2019infrastructures de qualit\u00e9 dans le strict respect des normes environnementales, sociales, d\u2019hygi\u00e8nes, de sant\u00e9 et de gouvernance au b\u00e9n\u00e9fice de la Guin\u00e9e\u203a\u203a, affirmera le charg\u00e9 de communication  de la Conf\u00e9d\u00e9ration G\u00e9n\u00e9rale des Entreprises de Guin\u00e9e, Ismael Ke\u00efta.<\/p>\n<p>Present \u00e0 cette rencontre, El Hadj Mohamed Habib Hann, le  charg\u00e9 \u00e0 la gouvernance et au d\u00e9veloppement de la Conf\u00e9d\u00e9ration G\u00e9n\u00e9rale des Entreprises de Guin\u00e9e, a expliqu\u00e9:\u2039\u2039  On s&rsquo;est r\u00e9uni aujourd&rsquo;hui entre  patronat, chambre de commerce et centrales syndicales pour saluer les efforts fournis par le gouvernement pr\u00e9sid\u00e9 par M.le pr\u00e9sident de la R\u00e9publique, Colonel Mamady Doumbouya.La signature d&rsquo;un projet d&rsquo;une  telle  envergure permettra  \u00e0 notre pays  de se le d\u00e9velopper . Cet accord cadre sign\u00e9 va permettre au secteur priv\u00e9 guin\u00e9en  par  ses repr\u00e9sentants notamment le patronat, la chambre de commerce, le syndicat \u00e0 participer activement au d\u00e9veloppement du pays.Il va permettre de d\u00e9velopper les PME et PMU et d&rsquo;aller dans le sens du d\u00e9veloppement  du contenu local\u203a\u203a, a-t-il expliqu\u00e9.<\/p>\n<p>De m\u00eame,El Hadj Mohamed Habib Hann, a rappel\u00e9 que  la dynamique qui leur  a conduit aujourd&rsquo;hui de faire une d\u00e9claration commune, c&rsquo;est d&rsquo;aller dans le sens d&rsquo;une confirmation de la volont\u00e9 ardente de   leurs  entit\u00e9s   pour  remercier le gouvernement Guin\u00e9en  et des  partenaires techniques et financiers  de notre  pays.<\/p>\n<p>\u2039\u2039Nous voulons  rassur\u00e9s  tous  nos partenaires au d\u00e9veloppement  que nous sommes tr\u00e8s motiv\u00e9 \u00e0 aller dans la s\u00e9curisation de leurs investissements, de leur rassur\u00e9s de la confiance du gouvernement, de leur rassur\u00e9s \u00e9galements qu&rsquo;ils auront des partenaires guin\u00e9ens cr\u00e9dibles qui pourront participer de fa\u00e7on tr\u00e8s positive au d\u00e9veloppement et \u00e0 la r\u00e9alisation des projets  qui vont  aider \u00e0  d\u00e9velopper la Guin\u00e9e\u203a\u203a, a  fait savoir El Hadj Mohamed Habib Hann. <\/p>\n<p> Pour mettre un terme \u00e0 ses propos, il  a dit : Cet accord est  un bel exemple pour le d\u00e9veloppement de notre pays.Nous souhaiterions  avoir des accords cadres sign\u00e9s une dizaine voire une vingtaine de plus,de fa\u00e7on \u00e0 permettre aux entreprises guin\u00e9ennes de se d\u00e9velopper et devenir de multinationales. Seul dans cette synergie d&rsquo;actions que les guin\u00e9ens peuvent se retrouver et travailler ensemble et  tirer profit du potentiel que le bon Dieu nous a offert\u203a\u203a.<\/p>\n<p>Sylla Ibrahima Kalil, pour www Conakrynews.org 625444534<\/p>\n","protected":false},"excerpt":{"rendered":"<p>Ce mardi,30 mars 2022, les membres de la conf\u00e9d\u00e9ration G\u00e9n\u00e9ral des Entreprises de Guin\u00e9e en collaboration avec la chambre de commerce ,d\u2019industrie et de l\u2019artisanat et le mouvement syndical, ont salu\u00e9 et f\u00e9liciter le gouvernement du Colonel Mamady Doumbouya ainsi que les partenaires du Rio-Tinto pour la signature de l&rsquo;accord cadre du gisement de fer [&hellip;]<\/p>\n","protected":false},"author":2,"featured_media":12313,"comment_status":"closed","ping_status":"closed","sticky":false,"template":"","format":"standard","meta":{"footnotes":""},"categories":[58],"tags":[],"class_list":{"0":"post-12298","1":"post","2":"type-post","3":"status-publish","4":"format-standard","5":"has-post-thumbnail","7":"category-societe"},"_links":{"self":[{"href":"https:\/\/conakrynews.org\/index.php\/wp-json\/wp\/v2\/posts\/12298","targetHints":{"allow":["GET"]}}],"collection":[{"href":"https:\/\/conakrynews.org\/index.php\/wp-json\/wp\/v2\/posts"}],"about":[{"href":"https:\/\/conakrynews.org\/index.php\/wp-json\/wp\/v2\/types\/post"}],"author":[{"embeddable":true,"href":"https:\/\/conakrynews.org\/index.php\/wp-json\/wp\/v2\/users\/2"}],"replies":[{"embeddable":true,"href":"https:\/\/conakrynews.org\/index.php\/wp-json\/wp\/v2\/comments?post=12298"}],"version-history":[{"count":0,"href":"https:\/\/conakrynews.org\/index.php\/wp-json\/wp\/v2\/posts\/12298\/revisions"}],"wp:featuredmedia":[{"embeddable":true,"href":"https:\/\/conakrynews.org\/index.php\/wp-json\/wp\/v2\/media\/12313"}],"wp:attachment":[{"href":"https:\/\/conakrynews.org\/index.php\/wp-json\/wp\/v2\/media?parent=12298"}],"wp:term":[{"taxonomy":"category","embeddable":true,"href":"https:\/\/conakrynews.org\/index.php\/wp-json\/wp\/v2\/categories?post=12298"},{"taxonomy":"post_tag","embeddable":true,"href":"https:\/\/conakrynews.org\/index.php\/wp-json\/wp\/v2\/tags?post=12298"}],"curies":[{"name":"wp","href":"https:\/\/api.w.org\/{rel}","templated":true}]}}