{"id":12329,"date":"2022-03-31T10:30:13","date_gmt":"2022-03-31T10:30:13","guid":{"rendered":"https:\/\/conakrynews.org\/?p=12329"},"modified":"2022-03-31T10:30:13","modified_gmt":"2022-03-31T10:30:13","slug":"une-premiere-edition-des-journees-portes-ouvertes-au-ministere-de-la-securite-et-de-la-protection-civile","status":"publish","type":"post","link":"https:\/\/conakrynews.org\/index.php\/une-premiere-edition-des-journees-portes-ouvertes-au-ministere-de-la-securite-et-de-la-protection-civile\/","title":{"rendered":"Une Premi\u00e8re Edition des Journ\u00e9es Portes Ouvertes au Minist\u00e8re de la S\u00e9curit\u00e9 et de la Protection Civile"},"content":{"rendered":"<p>La premi\u00e8re \u00e9dition des journ\u00e9es portes ouvertes sur la Police Nationale et la Protection Civile a d\u00e9marr\u00e9 ce mercredi 30 mars 2022 au minist\u00e8re de la s\u00e9curit\u00e9. Sous le th\u00e8me \u00bb La Protection des Populations, Votre Collaboration Notre Responsabilit\u00e9 \u00bb. Ces journ\u00e9es sont misent \u00e0 profit pour expliquer aux populations guin\u00e9ennes le r\u00f4le et l\u2019importance des services de s\u00e9curit\u00e9 et de protection civile au sein de la soci\u00e9t\u00e9. Pr\u00e9sid\u00e9es par le Ministre de la s\u00e9curit\u00e9 et de la Protection Civile Bachir Diallo, cette c\u00e9r\u00e9monie d\u2019ouverture a connu la pr\u00e9sence de certains membres du gouvernement, des anciens ministres de la s\u00e9curit\u00e9, des insulaires, des hauts cadres du pays, des officiers, et des hommes de rang et plusieurs \u00e9tudiants.<\/p>\n<p>Pour cette premi\u00e8re journ\u00e9e, plusieurs activit\u00e9s sont men\u00e9es dont entre autres : les visites guid\u00e9es dans les stands des diff\u00e9rents maillons de la police et de la protection civile. Pour maintenir les visiteurs en haleine des d\u00e9monstrations ont \u00e9t\u00e9 faite notamment par la CMIS dans le cadre du maintien d\u2019ordre. La brigade de recherche d\u2019intervention (BRI) s\u2019est exprim\u00e9e sur la lib\u00e9ration des prises d\u2019otages.<\/p>\n<p>Ces diff\u00e9rentes activit\u00e9s ont permis aux participants de comprendre \u00e0 travers ces journ\u00e9es portes ouvertes le r\u00f4le des policiers dans la s\u00e9curisation des personnes et de leurs biens. Toute chose qui cr\u00e9e un pont entre les services de s\u00e9curit\u00e9 et les populations.<\/p>\n<p>\u00ab Je ne savais pas que tous ces talents existaient dans la police, \u00e0 partir d\u2019aujourdui, je sais maintenant que les policiers sont l\u00e0 pour nous prot\u00e9ger \u00bb s\u2019exprime Mamady Camara \u00e9tudiant \u00e0 l\u2019universit\u00e9 Gamal Abdel Nasser de Conakry.<\/p>\n<p>Le responsable du comit\u00e9 d\u2019organisation, en l\u2019occurrence le Chef de Cabinet du minist\u00e8re, a donc invit\u00e9 les participants \u00e0 participer activement aux diff\u00e9rents panels en vue de comprendre mieux le fonctionnement de la police : \u00ab La Police nationale et la protection civile vous ouvre grandement ses portes. Vous \u00eates invit\u00e9s donc \u00e0 poser toutes les questions sur son travail, sa mission, ses perspectives, sur votre police, votre protection civile, sans d\u00e9tour ni tabou. Nous comptons sur votre participation active \u00bb a invit\u00e9 Monsieur Ibrahima Sory Tour\u00e9.<\/p>\n<p>Selon le Ministre Bachir Diallo, ces journ\u00e9es portes ouvertes sont une partie int\u00e9grante du plan d\u2019action prioritaire acc\u00e8s sur le r\u00e9sultat :  \u00bb C\u2019est l\u2019occasion pour moi et pour vous tous de saluer la logique et la coh\u00e9rence qui guide l\u2019action du gouvernement tous les jours. Ainsi en ce qui concerne le minist\u00e8re de la s\u00e9curit\u00e9 et protection civile, nous avons con\u00e7u les architectes et moi-m\u00eame le plan d\u2019action prioritaire acc\u00e8s sur les r\u00e9sultats avec notamment 6 axes majeures d\u2019interventions. L\u2019acc\u00e8s au service de police et d protection civile et pr\u00e9cis\u00e9ment l\u2019axe d\u2019intervention majeure qui justifie l\u2019organisation de ces journ\u00e9es et de votre pr\u00e9sence dans cette salle \u00bb s\u2019est exprim\u00e9 le Ministre Bachir Diallo.<\/p>\n<p>Ces journ\u00e9es se d\u00e9rouleront pendant trois jours. Elles prendront fin le vendredi 1er Avril 2022. Cette premi\u00e8re journ\u00e9e s\u2019est achev\u00e9e sur la tenue d\u2019un panel, notamment, l\u2019Office de R\u00e9pression des D\u00e9lits Economiques et Financiers (l\u2019ORDEF).<\/p>\n","protected":false},"excerpt":{"rendered":"<p>La premi\u00e8re \u00e9dition des journ\u00e9es portes ouvertes sur la Police Nationale et la Protection Civile a d\u00e9marr\u00e9 ce mercredi 30 mars 2022 au minist\u00e8re de la s\u00e9curit\u00e9. Sous le th\u00e8me \u00bb La Protection des Populations, Votre Collaboration Notre Responsabilit\u00e9 \u00bb. Ces journ\u00e9es sont misent \u00e0 profit pour expliquer aux populations guin\u00e9ennes le r\u00f4le et l\u2019importance [&hellip;]<\/p>\n","protected":false},"author":2,"featured_media":12330,"comment_status":"closed","ping_status":"closed","sticky":false,"template":"","format":"standard","meta":{"footnotes":""},"categories":[58],"tags":[],"class_list":{"0":"post-12329","1":"post","2":"type-post","3":"status-publish","4":"format-standard","5":"has-post-thumbnail","7":"category-societe"},"_links":{"self":[{"href":"https:\/\/conakrynews.org\/index.php\/wp-json\/wp\/v2\/posts\/12329","targetHints":{"allow":["GET"]}}],"collection":[{"href":"https:\/\/conakrynews.org\/index.php\/wp-json\/wp\/v2\/posts"}],"about":[{"href":"https:\/\/conakrynews.org\/index.php\/wp-json\/wp\/v2\/types\/post"}],"author":[{"embeddable":true,"href":"https:\/\/conakrynews.org\/index.php\/wp-json\/wp\/v2\/users\/2"}],"replies":[{"embeddable":true,"href":"https:\/\/conakrynews.org\/index.php\/wp-json\/wp\/v2\/comments?post=12329"}],"version-history":[{"count":0,"href":"https:\/\/conakrynews.org\/index.php\/wp-json\/wp\/v2\/posts\/12329\/revisions"}],"wp:featuredmedia":[{"embeddable":true,"href":"https:\/\/conakrynews.org\/index.php\/wp-json\/wp\/v2\/media\/12330"}],"wp:attachment":[{"href":"https:\/\/conakrynews.org\/index.php\/wp-json\/wp\/v2\/media?parent=12329"}],"wp:term":[{"taxonomy":"category","embeddable":true,"href":"https:\/\/conakrynews.org\/index.php\/wp-json\/wp\/v2\/categories?post=12329"},{"taxonomy":"post_tag","embeddable":true,"href":"https:\/\/conakrynews.org\/index.php\/wp-json\/wp\/v2\/tags?post=12329"}],"curies":[{"name":"wp","href":"https:\/\/api.w.org\/{rel}","templated":true}]}}