{"id":12332,"date":"2022-03-31T12:03:33","date_gmt":"2022-03-31T12:03:33","guid":{"rendered":"https:\/\/conakrynews.org\/?p=12332"},"modified":"2022-03-31T12:03:33","modified_gmt":"2022-03-31T12:03:33","slug":"protection-des-donnees-partenariat-pour-proteger-les-donnees-personnelles-en-afrique","status":"publish","type":"post","link":"https:\/\/conakrynews.org\/index.php\/protection-des-donnees-partenariat-pour-proteger-les-donnees-personnelles-en-afrique\/","title":{"rendered":"Protection des donn\u00e9es: Partenariat pour prot\u00e9ger les donn\u00e9es personnelles en Afrique"},"content":{"rendered":"<p>Ce partenariat porte, entre autres, sur la mise en place d\u2019un cadre africain harmonis\u00e9 pour les politiques et les r\u00e9glementations de protection des donn\u00e9es personnelles.<\/p>\n<p>L\u2019organisation panafricaine Smart Africa a sign\u00e9 un protocole d\u2019accord avec le R\u00e9seau africain des autorit\u00e9s de protection des donn\u00e9es personnelles (RAPDP) afin de renforcer les capacit\u00e9s des autorit\u00e9s nationales africaines charg\u00e9es de la protection de ces donn\u00e9es. Ce protocole d\u2019accord jette les bases d\u2019un v\u00e9ritable dialogue et d\u2019une coop\u00e9ration panafricaine en la mati\u00e8re, a annonc\u00e9 Smart Africa qui \u0153uvre, depuis sa cr\u00e9ation en 2023 \u00e0 Kigali (Rwanda), au d\u00e9veloppement de l\u2019Afrique via l\u2019utilisation des technologies de l\u2019information et de la communication (TIC).<br \/>\nDans ce cadre, les deux partenaires soutiendront les \u00c9tats africains dans l\u2019\u00e9laboration ou la mise \u00e0 jour de la l\u00e9gislation sur la protection de la vie priv\u00e9e et des donn\u00e9es \u00e0 caract\u00e8re personnel, et dans la mise en place d\u2019autorit\u00e9s charg\u00e9es de la protection de ces donn\u00e9es, a-t-on ajout\u00e9. Ils soutiendront \u00e9galement la mise en place d\u2019un cadre harmonis\u00e9 pour les politiques et les r\u00e9glementations en mati\u00e8re de protection des donn\u00e9es, en Afrique. Il s\u2019agit aussi de mettre en place des initiatives visant \u00e0 renforcer la collaboration juridique entre les autorit\u00e9s africaines de protection des donn\u00e9es (APD) afin de soutenir la digitalisation du continent.<\/p>\n<p>Il est \u00e9galement question d\u2019\u00e9laborer et de mener, dans la mesure du possible, des modules conjoints de renforcement des capacit\u00e9s pour les APD par l\u2019interm\u00e9diaire de la Smart Africa Digital Academy (SADA), lanc\u00e9e r\u00e9cemment par Smart Africa. Cr\u00e9\u00e9 en 2016, \u00e0 Ouagadougou (Burkina Faso), le RAPDP regroupe des autorit\u00e9s nationales africaines dont la mission est de promouvoir la protection des donn\u00e9es personnelles et de la vie priv\u00e9e en tant que droit humain fondamental.<\/p>\n<p>Avec dpa-news<\/p>\n","protected":false},"excerpt":{"rendered":"<p>Ce partenariat porte, entre autres, sur la mise en place d\u2019un cadre africain harmonis\u00e9 pour les politiques et les r\u00e9glementations de protection des donn\u00e9es personnelles. L\u2019organisation panafricaine Smart Africa a sign\u00e9 un protocole d\u2019accord avec le R\u00e9seau africain des autorit\u00e9s de protection des donn\u00e9es personnelles (RAPDP) afin de renforcer les capacit\u00e9s des autorit\u00e9s nationales africaines [&hellip;]<\/p>\n","protected":false},"author":2,"featured_media":12333,"comment_status":"closed","ping_status":"closed","sticky":false,"template":"","format":"standard","meta":{"footnotes":""},"categories":[58],"tags":[],"class_list":{"0":"post-12332","1":"post","2":"type-post","3":"status-publish","4":"format-standard","5":"has-post-thumbnail","7":"category-societe"},"_links":{"self":[{"href":"https:\/\/conakrynews.org\/index.php\/wp-json\/wp\/v2\/posts\/12332","targetHints":{"allow":["GET"]}}],"collection":[{"href":"https:\/\/conakrynews.org\/index.php\/wp-json\/wp\/v2\/posts"}],"about":[{"href":"https:\/\/conakrynews.org\/index.php\/wp-json\/wp\/v2\/types\/post"}],"author":[{"embeddable":true,"href":"https:\/\/conakrynews.org\/index.php\/wp-json\/wp\/v2\/users\/2"}],"replies":[{"embeddable":true,"href":"https:\/\/conakrynews.org\/index.php\/wp-json\/wp\/v2\/comments?post=12332"}],"version-history":[{"count":0,"href":"https:\/\/conakrynews.org\/index.php\/wp-json\/wp\/v2\/posts\/12332\/revisions"}],"wp:featuredmedia":[{"embeddable":true,"href":"https:\/\/conakrynews.org\/index.php\/wp-json\/wp\/v2\/media\/12333"}],"wp:attachment":[{"href":"https:\/\/conakrynews.org\/index.php\/wp-json\/wp\/v2\/media?parent=12332"}],"wp:term":[{"taxonomy":"category","embeddable":true,"href":"https:\/\/conakrynews.org\/index.php\/wp-json\/wp\/v2\/categories?post=12332"},{"taxonomy":"post_tag","embeddable":true,"href":"https:\/\/conakrynews.org\/index.php\/wp-json\/wp\/v2\/tags?post=12332"}],"curies":[{"name":"wp","href":"https:\/\/api.w.org\/{rel}","templated":true}]}}