{"id":12350,"date":"2022-04-02T09:35:14","date_gmt":"2022-04-02T09:35:14","guid":{"rendered":"https:\/\/conakrynews.org\/?p=12350"},"modified":"2022-04-02T13:19:55","modified_gmt":"2022-04-02T13:19:55","slug":"palais-mohammed-v-les-memvres-du-comite-national-des-assises-recus-par-le-chef-de-letat","status":"publish","type":"post","link":"https:\/\/conakrynews.org\/index.php\/palais-mohammed-v-les-memvres-du-comite-national-des-assises-recus-par-le-chef-de-letat\/","title":{"rendered":"Palais Mohammed V: les membres du Comit\u00e9 National des Assises re\u00e7us par le Chef de l\u2019\u00c9tat"},"content":{"rendered":"<p>Le processus de r\u00e9conciliation suit son petit bonhomme de chemin, sous l\u2019\u0153il vigilant du Pr\u00e9sident de la Transition, Chef de l\u2019\u00c9tat, Chef supr\u00eame des Arm\u00e9es, Colonel Mamadi Doumbouya. C\u2019est dans ce cadre qu\u2019il a re\u00e7u ce jeudi 31 mars 2022, au Palais Mohammed V, les membres du Comit\u00e9 National des Assises (CNA) autour d\u2019un banquet. La rencontre de prise de contact a \u00e9t\u00e9 l\u2019occasion pour le Chef de l\u2019\u00c9tat de r\u00e9affirmer son engagement \u00e0 rassembler les Guin\u00e9ens, \u00e0 travers le processus des Assises nationales, lanc\u00e9es le 22 mars, sous le signe de l\u2019Unit\u00e9 et du Pardon.<\/p>\n<p>Cette pr\u00e9sentation solennelle des membres du CNA s\u2019est d\u00e9roul\u00e9e en pr\u00e9sence du ministre Secr\u00e9taire g\u00e9n\u00e9ral \u00e0 la Pr\u00e9sidence, le Colonel Amara Camara. Etaient aussi pr\u00e9sents, les ministres Mory Cond\u00e9 de l\u2019Administration du Territoire et de la D\u00e9centralisation (MATD) et Ousmane Gaoual Diallo, de l\u2019Urbanisme, de l\u2019Am\u00e9nagement du territoire et de l\u2019Habitat.<br \/>\nLes copr\u00e9sidents du CNA, en l\u2019occurrence le Grand Imam de la mosqu\u00e9e Faycal, El Hadj Mamadou Saliou Camara et Monseigneur Vincent Coulibaly ont, au nom des membres, remerci\u00e9 le Pr\u00e9sident de la Transition pour la confiance plac\u00e9e en eux, afin de conduire cette noble et exaltante mission des Assises nationales.<\/p>\n<p>Apr\u00e8s avoir \u00e9cout\u00e9 avec int\u00e9r\u00eat les engagements des copr\u00e9sidents du CNA, le Pr\u00e9sident de la Transition, Chef de l\u2019\u00c9tat, Chef supr\u00eame des Arm\u00e9es, le Colonel Mamadi Doumbouya, s\u2019est r\u00e9joui de sa toute premi\u00e8re rencontre avec les membres du Comit\u00e9. En rassembleur, il les a invit\u00e9s \u00e0 mettre par-dessus tout, les int\u00e9r\u00eats sup\u00e9rieurs de la Guin\u00e9e, pour f\u00e9d\u00e9rer les Guin\u00e9ens dans ce processus de r\u00e9conciliation.<\/p>\n<p>Il a clos son adresse, en d\u00e9clinant sa vision pour une Guin\u00e9e unie et rassembl\u00e9e, au sein de laquelle l\u2019ethnie sera plut\u00f4t un atout qu\u2019un facteur de division. Il a enfin apport\u00e9 son soutien au CNA, l\u2019appelant \u00e0 pers\u00e9v\u00e9rer, non sans le pr\u00e9venir qu\u2019il y aura des moments de doute et d\u2019incertitude qui devront, le cas \u00e9ch\u00e9ant, \u00eatre transcend\u00e9s par le patriotisme r\u00e9publicain de chacun et de tous. Parole d\u2019un homme d\u2019honneur !<\/p>\n<p>\ud835\uddd7\ud835\uddf6\ud835\uddff\ud835\uddf2\ud835\uddf0\ud835\ude01\ud835\uddf6\ud835\uddfc\ud835\uddfb \ud835\uddf1\ud835\uddf2 \ud835\uddf9\ud835\uddee \ud835\uddd6\ud835\uddfc\ud835\uddfa\ud835\uddfa\ud835\ude02\ud835\uddfb\ud835\uddf6\ud835\uddf0\ud835\uddee\ud835\ude01\ud835\uddf6\ud835\uddfc\ud835\uddfb \ud835\uddf2\ud835\ude01 \ud835\uddf1\ud835\uddf2 \ud835\uddf9\u2019\ud835\udddc\ud835\uddfb\ud835\uddf3\ud835\uddfc\ud835\uddff\ud835\uddfa\ud835\uddee\ud835\ude01\ud835\uddf6\ud835\uddfc\ud835\uddfb \ud835\uddf1\ud835\uddf2 \ud835\uddf9\ud835\uddee \ud835\udde3\ud835\uddff\ud835\uddf2\u0301\ud835\ude00\ud835\uddf6\ud835\uddf1\ud835\uddf2\ud835\uddfb\ud835\uddf0\ud835\uddf2<\/p>\n","protected":false},"excerpt":{"rendered":"<p>Le processus de r\u00e9conciliation suit son petit bonhomme de chemin, sous l\u2019\u0153il vigilant du Pr\u00e9sident de la Transition, Chef de l\u2019\u00c9tat, Chef supr\u00eame des Arm\u00e9es, Colonel Mamadi Doumbouya. C\u2019est dans ce cadre qu\u2019il a re\u00e7u ce jeudi 31 mars 2022, au Palais Mohammed V, les membres du Comit\u00e9 National des Assises (CNA) autour d\u2019un banquet. [&hellip;]<\/p>\n","protected":false},"author":2,"featured_media":12353,"comment_status":"closed","ping_status":"closed","sticky":false,"template":"","format":"standard","meta":{"footnotes":""},"categories":[58],"tags":[],"class_list":{"0":"post-12350","1":"post","2":"type-post","3":"status-publish","4":"format-standard","5":"has-post-thumbnail","7":"category-societe"},"_links":{"self":[{"href":"https:\/\/conakrynews.org\/index.php\/wp-json\/wp\/v2\/posts\/12350","targetHints":{"allow":["GET"]}}],"collection":[{"href":"https:\/\/conakrynews.org\/index.php\/wp-json\/wp\/v2\/posts"}],"about":[{"href":"https:\/\/conakrynews.org\/index.php\/wp-json\/wp\/v2\/types\/post"}],"author":[{"embeddable":true,"href":"https:\/\/conakrynews.org\/index.php\/wp-json\/wp\/v2\/users\/2"}],"replies":[{"embeddable":true,"href":"https:\/\/conakrynews.org\/index.php\/wp-json\/wp\/v2\/comments?post=12350"}],"version-history":[{"count":0,"href":"https:\/\/conakrynews.org\/index.php\/wp-json\/wp\/v2\/posts\/12350\/revisions"}],"wp:featuredmedia":[{"embeddable":true,"href":"https:\/\/conakrynews.org\/index.php\/wp-json\/wp\/v2\/media\/12353"}],"wp:attachment":[{"href":"https:\/\/conakrynews.org\/index.php\/wp-json\/wp\/v2\/media?parent=12350"}],"wp:term":[{"taxonomy":"category","embeddable":true,"href":"https:\/\/conakrynews.org\/index.php\/wp-json\/wp\/v2\/categories?post=12350"},{"taxonomy":"post_tag","embeddable":true,"href":"https:\/\/conakrynews.org\/index.php\/wp-json\/wp\/v2\/tags?post=12350"}],"curies":[{"name":"wp","href":"https:\/\/api.w.org\/{rel}","templated":true}]}}