{"id":12403,"date":"2022-04-05T08:21:06","date_gmt":"2022-04-05T08:21:06","guid":{"rendered":"https:\/\/conakrynews.org\/?p=12403"},"modified":"2022-04-05T08:28:23","modified_gmt":"2022-04-05T08:28:23","slug":"mohamed-lamine-sy-savane-secretaire-general-du-ministere-des-mines-et-de-la-geologie-jinvite-nos-collaborateurs-a-comprendre-que-nous-avons-la-guinee-en-commun","status":"publish","type":"post","link":"https:\/\/conakrynews.org\/index.php\/mohamed-lamine-sy-savane-secretaire-general-du-ministere-des-mines-et-de-la-geologie-jinvite-nos-collaborateurs-a-comprendre-que-nous-avons-la-guinee-en-commun\/","title":{"rendered":"Mohamed Lamine Sy Savan\u00e9, Secr\u00e9taire G\u00e9n\u00e9ral du Minist\u00e8re des Mines et de la G\u00e9ologie : \u00ab J\u2019invite nos collaborateurs \u00e0 comprendre que nous avons la Guin\u00e9e en commun \u00bb"},"content":{"rendered":"<p>\nApr\u00e8s plusieurs ann\u00e9es pass\u00e9es \u00e0 la t\u00eate du Centre de Promotion pour le d\u00e9veloppement minier (CPDM), Mohamed Lamine Sy Savan\u00e9, \u00e0 l\u2019av\u00e8nement du Gouvernement du CNRD, a \u00e9t\u00e9 promu Secr\u00e9taire g\u00e9n\u00e9ral du Minist\u00e8re des Mines et de la G\u00e9ologie, un d\u00e9partement g\u00e9rant le secteur consid\u00e9r\u00e9 comme le levier du d\u00e9veloppement du pays.<\/p>\n<p>Pour vous aider \u00e0 mieux cerner les branches de ce d\u00e9partement n\u00e9vralgique, nous sommes all\u00e9s \u00e0 la rencontre de ce cadre chevronn\u00e9, rompu \u00e0 la tache; et avec lui , nous avons \u00e9pluch\u00e9 de nombreux sujets et th\u00e9matiques concernant le fonctionnement d\u2019une Administration forte, unie, organis\u00e9e et \u00e9quilibr\u00e9e. A lire absolument<\/p>\n<p>G.I : Nous venons d\u2019assister \u00e0 la c\u00e9r\u00e9monie d\u2019installation des promus des derni\u00e8res nominations au niveau des directions et services techniques du minist\u00e8re des Mines et de la G\u00e9ologie. Quels sont les sentiments qui vous animent en ces instants pr\u00e9cieux ?<\/p>\n<p>S.G : Merci pour cette question. Je salue hautement ce D\u00e9cret du pr\u00e9sident de la R\u00e9publique, le Colonel Mamadi Doumbouya, pr\u00e9sident de la Transition, chef supr\u00eame des Arm\u00e9es. Ce d\u00e9cret a encore r\u00e9confort\u00e9 le minist\u00e8re des Mines et de la G\u00e9ologie parce qu\u2019il a essentiellement vis\u00e9 des cadres techniciens aguerris qui, j\u2019en suis s\u00fbr, permettront \u00e0 notre D\u00e9partement de relever les nombreux d\u00e9fis. Et c\u2019est une jeune \u00e9quipe. J\u2019invite simplement nos collaborateurs \u00e0 comprendre que nous avons tous la Guin\u00e9e en commun et que notre raison d\u2019\u00eatre ici c\u2019est d\u2019impacter positivement la vie du Guin\u00e9en lambda o\u00f9 qu\u2019il soit.<\/p>\n<p>G.I: Peut-on dire que finalement les crit\u00e8res de choix ont pr\u00e9valu sur la base des comp\u00e9tences des cadres nomm\u00e9s ?<\/p>\n<p>S.G: Exactement. Je ne le dirai pas assez. Mais les profils correspondent parfaitement aux attributions de postes.<\/p>\n<p>G.I: Le d\u00e9cret \u00e9tait beaucoup attendu. Mais beaucoup disent que \u00e7a avait pris assez de retard. Quelles sont les raisons de ce retard dont on a tant parl\u00e9 ? Est-ce qu\u2019il fallait faire beaucoup de recherches pour ne pas faire un mauvais choix ?<\/p>\n<p>S.G: Je ne saurais le dire, mais la conclusion est que ce d\u00e9cret est vivement salutaire.<\/p>\n<p>G.I: Bien, aujourd\u2019hui dans la salle on vous a vus motiver ces jeunes cadres, surtout, les appeler en tous les cas, \u00e0 aller tr\u00e8s vite et vite au boulot. Est-ce que finalement vous vous attendez \u00e0 des r\u00e9sultats probants ?<\/p>\n<p>S.G: Exactement. Quand on conna\u00eet l\u2019importance des directions nationales, des directions g\u00e9n\u00e9rales, notamment le r\u00f4le queque jouent ces directions dans le cadre de suivi des relations communautaires et surtout dans le cadre de la gestion des probl\u00e8mes, des remous sociaux et ce que cela impacte aujourd\u2019hui \u00e0 travers tout le pays, on n\u2019est pas sans savoir la n\u00e9cessit\u00e9 de doter ces directions des cadres comp\u00e9tents. Une telle d\u00e9cision ne pourrait \u00eatre qu\u2019un vas-t-en au combat pour permettre de corriger tous ces tares tr\u00e8s rapidement et relancer les activit\u00e9s sur l\u2019ensemble du territoire national.<\/p>\n<p>G.I: A votre prise de fonction, le ministre avait d\u00e9clar\u00e9 que le chef de l\u2019\u00c9tat compte sur lui, et que lui aussi son tour compte sur vous parce que vous \u00eates le premier responsable des services techniques. Qu\u2019attendez-vous de ces cadres nouvellement nomm\u00e9es ?<\/p>\n<p>S.G: Je voudrais simplement les inviter \u00e0 se mettre au travail conform\u00e9ment \u00e0 la feuille de route assign\u00e9e \u00e0 Monsieur le ministre des Mines et de la G\u00e9ologie. Cette feuille de route venant de Monsieur le Premier ministre, Chef du Gouvernement, est tr\u00e8s claire. Elle prend en compte l\u2019essentiel pour ne pas dire l\u2019ensemble des pr\u00e9occupations du peuple guin\u00e9en dans le secteur minier. Donc, ces cadres-l\u00e0 ont des missions r\u00e9galiennes, chaque direction a ses propres missions ; il y a des directions de recettes, des directions du suivi et des directions de gouvernance. C\u2019est dire que chacun, en ce qui le concerne, doit pouvoir jouer son r\u00f4le pour non seulement atteindre les objectifs assign\u00e9s mais aussi permettre aux Guin\u00e9ens d\u2019oublier tr\u00e8s rapidement le pass\u00e9 douloureux que nous avons connu dans certaines zones mini\u00e8res qui ont \u00e9t\u00e9 \u00e9maill\u00e9es lors des remous sociaux ayant d\u00e9bouch\u00e9 sur des actes de vandalisme, des destructions massives des biens publics et priv\u00e9s ainsi que des pertes en vies humaines par endroit.<\/p>\n<p>En ce qui concerne surtout les zones d\u2019exploitation artisanale d\u2019or, nous devrons prendre les taureaux par les cornes pour permettre \u00e0 nos populations de mieux comprendre la mission principale du secteur minier guin\u00e9en en vulgarisant tous les textes de loi, faire en sorte que nous qui sommes les commis de l\u2019Etat puissions \u00eatre l\u00e0 pour faire le suivi r\u00e9gulier de fa\u00e7on permanente, faire le contr\u00f4le \u00e0 des p\u00e9riodes bien indiqu\u00e9es pour enfin proc\u00e9der \u00e0 m\u00eame des audits pour voir qu\u2019est ce qui a march\u00e9 et qu\u2019est-ce qui n\u2019a pas march\u00e9 et pourquoi \u00e7a ne marche pas.<\/p>\n<p>Donc, le respect des obligations contractuelles du c\u00f4t\u00e9 de l\u2019\u00c9tat tout comme du c\u00f4t\u00e9 des soci\u00e9t\u00e9s doivent \u00eatre d\u00e9sormais une r\u00e9alit\u00e9 sur le terrain parce que nous sommes l\u00e0 pour faire le suivi, le contr\u00f4le et des audits sur l\u2019ensemble des activit\u00e9s qui vont d\u00e9sormais s\u2019op\u00e9rer dans le cadre du d\u00e9veloppement et de l\u2019extraction des ressources min\u00e9rales.<\/p>\n<p>G.I : Il y a eu des nominations bien s\u00fbr mais on a constat\u00e9 qu\u2019au niveau du Centre de promotion et de d\u00e9veloppement minier<br \/>\n(CPDM) que vous dirigiez dans un pass\u00e9 r\u00e9cent, il n\u2019y a que le directeur qui est nomm\u00e9 mais pas son adjoint ?<\/p>\n<p>S.G: Je dirais que c\u2019est loin d\u2019\u00eatre un oubli. Ces nominations continuent. Ce n\u2019est pas toutes les directions et tous les services qui sont pour le moment pourvus, vous comprendrez qu\u2019en plus du CPDM qui a d\u2019autres structures internes qui existent. Ces structures-l\u00e0 servent d\u2019appui, contrairement au CPDM qui est un service rattach\u00e9. Mais il y a des services d\u00e9concentr\u00e9s, les inspections r\u00e9gionales et les directions pr\u00e9fectorales qui vont tous \u00eatre meubl\u00e9s.<\/p>\n<p>Ceux qui ne sont pas encore meubl\u00e9s, en feront l\u2019objet tant \u00e0 CONAKRY qu\u2019 \u00e0 l\u2019int\u00e9rieur du pays.<\/p>\n<p>G.I: Un petit message avant de boucler cet entretien Monsieur le Secr\u00e9taire G\u00e9n\u00e9ral.<\/p>\n<p>S.G: Mon message est celui de la coh\u00e9sion sociale dans le travail d\u2019\u00e9quipe. J\u2019aime souvent \u00e0 le dire c\u2019est d\u2019ailleurs une religion pour moi, si je peux me le permettre ainsi, c\u2019est dans la diff\u00e9rence que se trouve le d\u00e9veloppement. En Guin\u00e9e, que tout Guin\u00e9en, unanimement, comprenne qu\u2019on ne peut pas d\u00e9velopper ce pays tant qu\u2019on est ancr\u00e9 dans le calcul r\u00e9gionaliste, ethnocentrique ou religieux.<\/p>\n<p>G.I: Est-ce que Mamadi Doumbouya s\u2019est d\u00e9marqu\u00e9 de ses pr\u00e9d\u00e9cesseurs ?<\/p>\n<p>S.G: Il s\u2019est nettement d\u00e9marqu\u00e9. Ce Colonel pr\u00e9sident est impartial, altruiste, je le dis tr\u00e8s sinc\u00e8rement, je salue ses \u0153uvres parce qu\u2019il est en train de montrer aux Guin\u00e9ens que la meilleure fa\u00e7on d\u2019administrer c\u2019est de cr\u00e9er l\u2019\u00e9quilibre social, la meilleure fa\u00e7on d\u2019administrer c\u2019est de tenir compte des comp\u00e9tences. Tout ne peut pas \u00eatre peigne-fin. Il peut y avoir quelques omissions mais ce qui est palpable, la grande majorit\u00e9 aujourd\u2019hui dans cette administration est en train d\u2019\u00eatre une majorit\u00e9 conformiste, coh\u00e9rente. C\u2019est pourquoi, j\u2019ai invit\u00e9 tous les administrateurs du secteur minier \u00e0 \u00eatre assidus, ponctuels et d\u2019\u00eatre transparents dans tout ce qu\u2019ils font pour r\u00e9ussir leurs missions r\u00e9galiennes.<\/p>\n<p>G.I: Quels sont vos rapports avec le ministre Moussa Magassouba ?<\/p>\n<p>S.G: Vous savez, le Guin\u00e9en est tr\u00e8s fort en intox, vous m\u00eame vous \u00eates en train de le constater, Mohamed Lamine Sy Savan\u00e9 que vous connaissez, n\u2019est jamais en contradiction parce que c\u2019est un Savan\u00e9 qui assume, vous me connaissez pour \u00e7a, ce n\u2019est pas une fleur. Quand \u00e7a ne va pas, je le dis m\u00eame \u00e0 mes propres parents : je le dis \u00e0 ma propre maman \u00ab \u00e7a ne va pas ou vous vous \u00eates tromp\u00e9e. Mon p\u00e8re, vous vous \u00eates tromp\u00e9 \u00bb. C\u2019est \u00e7a l\u2019\u00eatre humain. Ce n\u2019est pas dans une administration que je ne pourrai pas le dire \u00e0 quelqu\u2019un. Monsieur le ministre est mon chef hi\u00e9rarchique, il est le premier responsable de ce d\u00e9partement, je viens juste apr\u00e8s lui, je suis charg\u00e9 de lui rendre compte et prendre des instructions aupr\u00e8s de lui. Donc n\u2019\u00e9coutez pas les gens qui racontent le mieux c\u2019est de voir ce qui se fait et ce qu\u2019on peut apporter pour le changement de la Guin\u00e9e, je suis confortable avec la pratique et la th\u00e9orie. Il n\u2019y a aucun probl\u00e8me entre le ministre Magassouba et son secr\u00e9taire g\u00e9n\u00e9ral que je suis.<\/p>\n<p>G.I: Merci Monsieur le Secr\u00e9taire g\u00e9n\u00e9ral !<\/p>\n<p>S.G: C\u2019est \u00e0 moi de vous remercier.<\/p>\n<p>Propos recueillis par Aboubacar Soumah et Makoura Camara<\/p>\n","protected":false},"excerpt":{"rendered":"<p>Apr\u00e8s plusieurs ann\u00e9es pass\u00e9es \u00e0 la t\u00eate du Centre de Promotion pour le d\u00e9veloppement minier (CPDM), Mohamed Lamine Sy Savan\u00e9, \u00e0 l\u2019av\u00e8nement du Gouvernement du CNRD, a \u00e9t\u00e9 promu Secr\u00e9taire g\u00e9n\u00e9ral du Minist\u00e8re des Mines et de la G\u00e9ologie, un d\u00e9partement g\u00e9rant le secteur consid\u00e9r\u00e9 comme le levier du d\u00e9veloppement du pays. Pour vous aider [&hellip;]<\/p>\n","protected":false},"author":2,"featured_media":12408,"comment_status":"closed","ping_status":"closed","sticky":false,"template":"","format":"standard","meta":{"footnotes":""},"categories":[58],"tags":[],"class_list":{"0":"post-12403","1":"post","2":"type-post","3":"status-publish","4":"format-standard","5":"has-post-thumbnail","7":"category-societe"},"_links":{"self":[{"href":"https:\/\/conakrynews.org\/index.php\/wp-json\/wp\/v2\/posts\/12403","targetHints":{"allow":["GET"]}}],"collection":[{"href":"https:\/\/conakrynews.org\/index.php\/wp-json\/wp\/v2\/posts"}],"about":[{"href":"https:\/\/conakrynews.org\/index.php\/wp-json\/wp\/v2\/types\/post"}],"author":[{"embeddable":true,"href":"https:\/\/conakrynews.org\/index.php\/wp-json\/wp\/v2\/users\/2"}],"replies":[{"embeddable":true,"href":"https:\/\/conakrynews.org\/index.php\/wp-json\/wp\/v2\/comments?post=12403"}],"version-history":[{"count":0,"href":"https:\/\/conakrynews.org\/index.php\/wp-json\/wp\/v2\/posts\/12403\/revisions"}],"wp:featuredmedia":[{"embeddable":true,"href":"https:\/\/conakrynews.org\/index.php\/wp-json\/wp\/v2\/media\/12408"}],"wp:attachment":[{"href":"https:\/\/conakrynews.org\/index.php\/wp-json\/wp\/v2\/media?parent=12403"}],"wp:term":[{"taxonomy":"category","embeddable":true,"href":"https:\/\/conakrynews.org\/index.php\/wp-json\/wp\/v2\/categories?post=12403"},{"taxonomy":"post_tag","embeddable":true,"href":"https:\/\/conakrynews.org\/index.php\/wp-json\/wp\/v2\/tags?post=12403"}],"curies":[{"name":"wp","href":"https:\/\/api.w.org\/{rel}","templated":true}]}}