{"id":12565,"date":"2022-04-15T14:21:13","date_gmt":"2022-04-15T14:21:13","guid":{"rendered":"https:\/\/conakrynews.org\/?p=12565"},"modified":"2022-04-15T14:23:08","modified_gmt":"2022-04-15T14:23:08","slug":"guinee-decrets-plusieurs-cadres-nommes-au-ministere-de-linformation-et-de-la-communication","status":"publish","type":"post","link":"https:\/\/conakrynews.org\/index.php\/guinee-decrets-plusieurs-cadres-nommes-au-ministere-de-linformation-et-de-la-communication\/","title":{"rendered":"Guin\u00e9e\/D\u00e9crets: Plusieurs cadres nomm\u00e9s au minist\u00e8re de l\u2019information et de la communication"},"content":{"rendered":"<p>\u00c0 travers une s\u00e9rie de d\u00e9crets, le pr\u00e9sident de la transition, Colonel Mamadi Doumbouya a meubl\u00e9 dans la soir\u00e9e du jeudi, 14 avril 2022 le d\u00e9partement du Minist\u00e8re de l\u2019Information et de la Communication.<\/p>\n<p>Voici la liste des cadres promus<\/p>\n<p>Inspecteur g\u00e9n\u00e9ral, Nestor N\u00e8t\u00e8 Sovogui<br \/>\nInspecteur g\u00e9n\u00e9ral adjoint, Isma\u00ebl Fanta Traor\u00e9<\/p>\n<p>Directeur g\u00e9n\u00e9ral du Bureau de Strat\u00e9gie et de D\u00e9veloppement (BSD),Gueal\u00e9 Gbato Dor\u00e9<\/p>\n<p>Directeur g\u00e9n\u00e9ral adjoint du Bureau de Strat\u00e9gie et de D\u00e9veloppement (BSD), Abou Moussa Camara, pr\u00e9c\u00e9demment chef de la section suivie et \u00e9valuation des directions et services au minist\u00e8re en charge des Investissements et de Partenariat Public Priv\u00e9<\/p>\n<p>Directeur national de la Communication et des Relations avec les M\u00e9dias Priv\u00e9s, Djonta Diarra, pr\u00e9c\u00e9demment Directrice g\u00e9n\u00e9rale adjointe du BSD au minist\u00e8re de l\u2019Information et de la Communication<\/p>\n<p>Directeur national de la Communication et des Relations avec les M\u00e9dias Priv\u00e9s, Boubacar Bah, journaliste administrateur g\u00e9n\u00e9ral du site d\u2019informationguineedirect.com<\/p>\n<p>Directeur national des services de diffusion, Nfa Ousmane Camara<\/p>\n<p>Directeur national des services de diffusion, Moustapha Kouyat\u00e9<\/p>\n<p>Directeur g\u00e9n\u00e9ral du quotidien Horoya, Ibrahima Kon\u00e9 pr\u00e9c\u00e9demment directeur g\u00e9n\u00e9ral adjoint du quotidien Horoya en remplacement de Mamadi Wasco Keita admis \u00e0 faire valoir ses droits \u00e0 la retraite<\/p>\n<p>Directrice g\u00e9n\u00e9rale du quotidien Horoya, Mame Randatou Diallo, pr\u00e9c\u00e9demment conseill\u00e8re technique au minist\u00e8re de l\u2019Information et de la Communication<\/p>\n<p>Directrice g\u00e9n\u00e9rale de la radio rurale de Guin\u00e9e, Mak\u00e9m\u00e8 Bamba, consultante, journaliste \u00e0 la RTG<\/p>\n<p>Directeur g\u00e9n\u00e9ral adjoint de la radio rurale de Guin\u00e9e, Ibrahima Sory Ciss\u00e9, enseignant chercheur, consultant en radio communautaire en remplacement de Morlaye Camara, appel\u00e9 \u00e0 d\u2019autres fonctions<\/p>\n<p>Directeur g\u00e9n\u00e9ral du centre de formation et de perfectionnement en technique de l\u2019information et de la communication, Abdoulaye Djibril Diallo<\/p>\n<p>Directeur g\u00e9n\u00e9ral du centre de formation et de perfectionnement en technique de l\u2019information et de la communication, Hadiatou Yaya Sall, journaliste formatrice, pr\u00e9c\u00e9demment consultante en communication chez Enabel, coordinatrice nationale des femmes journalistes de Guin\u00e9e<\/p>\n<p>Directeur g\u00e9n\u00e9ral de l\u2019Institut National de l\u2019Audio-Visuel, Kader Keita<\/p>\n<p>Directeur g\u00e9n\u00e9ral adjoint de l\u2019Institut National de l\u2019Audio-Visuel, Ibrahima Sory Sylla, analyste informatique en France<\/p>\n<p>Directeur g\u00e9n\u00e9ral de l\u2019Agence Guin\u00e9enne de Presse (AGP), Fran\u00e7ois Mara, pr\u00e9c\u00e9demment Directeur g\u00e9n\u00e9ral adjoint de l\u2019AGP<\/p>\n<p>Directrice g\u00e9n\u00e9rale de l\u2019Agence Guin\u00e9enne de Presse (AGP), Fatoumata Diaraye Diallo, pr\u00e9c\u00e9demment journaliste chez Guin\u00e9e Buzz<\/p>\n<p>Directeur g\u00e9n\u00e9ral du fonds de d\u00e9veloppement des m\u00e9dias, Souleymane Bah, pr\u00e9c\u00e9demment planificateur financier au Qu\u00e9bec<\/p>\n<p>Directrice g\u00e9n\u00e9rale du fonds de d\u00e9veloppement des m\u00e9dias, Fran\u00e7oise Koul\u00e9mou pr\u00e9c\u00e9demment responsable commerciale chez NSIA Assurance<\/p>\n<p>Directeur r\u00e9gional de l\u2019information et de la communication de Kindia, Morlaye Camara, pr\u00e9c\u00e9demment Directeur g\u00e9n\u00e9ral adjoint de la radio rurale de Guin\u00e9e<\/p>\n<p>Directeur r\u00e9gional de l\u2019information et de la communication Lab\u00e9, Kadiatou Diallo, pr\u00e9c\u00e9demment directrice ex\u00e9cutive de l\u2019ONG Agir pour le Droit F\u00e9minin (ADF) \u00e0 Lab\u00e9.<\/p>\n<p>Directeur r\u00e9gional de l\u2019information et de la communication de Kankan, Mamadi Doumbouya journaliste pr\u00e9c\u00e9demment en service au minist\u00e8re des Mines et de la G\u00e9ologie<\/p>\n<p>Directeur r\u00e9gional de l\u2019information et de la communication de Nz\u00e9r\u00e9kor\u00e9, R\u00e9n\u00e9 Z\u00e9z\u00e9 Sagno, pr\u00e9c\u00e9demment chef de la station de la radio rurale de Macenta<\/p>\n","protected":false},"excerpt":{"rendered":"<p>\u00c0 travers une s\u00e9rie de d\u00e9crets, le pr\u00e9sident de la transition, Colonel Mamadi Doumbouya a meubl\u00e9 dans la soir\u00e9e du jeudi, 14 avril 2022 le d\u00e9partement du Minist\u00e8re de l\u2019Information et de la Communication. Voici la liste des cadres promus Inspecteur g\u00e9n\u00e9ral, Nestor N\u00e8t\u00e8 Sovogui Inspecteur g\u00e9n\u00e9ral adjoint, Isma\u00ebl Fanta Traor\u00e9 Directeur g\u00e9n\u00e9ral du Bureau [&hellip;]<\/p>\n","protected":false},"author":2,"featured_media":12568,"comment_status":"closed","ping_status":"closed","sticky":false,"template":"","format":"standard","meta":{"footnotes":""},"categories":[58],"tags":[],"class_list":{"0":"post-12565","1":"post","2":"type-post","3":"status-publish","4":"format-standard","5":"has-post-thumbnail","7":"category-societe"},"_links":{"self":[{"href":"https:\/\/conakrynews.org\/index.php\/wp-json\/wp\/v2\/posts\/12565","targetHints":{"allow":["GET"]}}],"collection":[{"href":"https:\/\/conakrynews.org\/index.php\/wp-json\/wp\/v2\/posts"}],"about":[{"href":"https:\/\/conakrynews.org\/index.php\/wp-json\/wp\/v2\/types\/post"}],"author":[{"embeddable":true,"href":"https:\/\/conakrynews.org\/index.php\/wp-json\/wp\/v2\/users\/2"}],"replies":[{"embeddable":true,"href":"https:\/\/conakrynews.org\/index.php\/wp-json\/wp\/v2\/comments?post=12565"}],"version-history":[{"count":0,"href":"https:\/\/conakrynews.org\/index.php\/wp-json\/wp\/v2\/posts\/12565\/revisions"}],"wp:featuredmedia":[{"embeddable":true,"href":"https:\/\/conakrynews.org\/index.php\/wp-json\/wp\/v2\/media\/12568"}],"wp:attachment":[{"href":"https:\/\/conakrynews.org\/index.php\/wp-json\/wp\/v2\/media?parent=12565"}],"wp:term":[{"taxonomy":"category","embeddable":true,"href":"https:\/\/conakrynews.org\/index.php\/wp-json\/wp\/v2\/categories?post=12565"},{"taxonomy":"post_tag","embeddable":true,"href":"https:\/\/conakrynews.org\/index.php\/wp-json\/wp\/v2\/tags?post=12565"}],"curies":[{"name":"wp","href":"https:\/\/api.w.org\/{rel}","templated":true}]}}