{"id":12883,"date":"2022-05-08T17:57:33","date_gmt":"2022-05-08T17:57:33","guid":{"rendered":"https:\/\/conakrynews.org\/?p=12883"},"modified":"2022-05-08T17:57:33","modified_gmt":"2022-05-08T17:57:33","slug":"reunion-du-groupe-regional-africain-de-lunion-internationale-des-magistrats-la-guinee-representee-par-mohamed-diawara-et-aissatou-sakho","status":"publish","type":"post","link":"https:\/\/conakrynews.org\/index.php\/reunion-du-groupe-regional-africain-de-lunion-internationale-des-magistrats-la-guinee-representee-par-mohamed-diawara-et-aissatou-sakho\/","title":{"rendered":"R\u00e9union du Groupe R\u00e9gional Africain de l\u2019Union Internationale des magistrats: la Guin\u00e9e repr\u00e9sent\u00e9e par Mohamed Diawara et A\u00efssatou Sakho"},"content":{"rendered":"<p><img loading=\"lazy\" decoding=\"async\" src=\"https:\/\/conakrynews.org\/wp-content\/uploads\/2022\/05\/20220508_132822-345x375.jpg\" alt=\"\" width=\"345\" height=\"375\" class=\"alignright size-medium wp-image-12884\" srcset=\"https:\/\/conakrynews.org\/wp-content\/uploads\/2022\/05\/20220508_132822-345x375.jpg 345w, https:\/\/conakrynews.org\/wp-content\/uploads\/2022\/05\/20220508_132822.jpg 640w\" sizes=\"auto, (max-width: 345px) 100vw, 345px\" \/><img loading=\"lazy\" decoding=\"async\" src=\"https:\/\/conakrynews.org\/wp-content\/uploads\/2022\/05\/20220508_131934-1-515x253.jpg\" alt=\"\" width=\"515\" height=\"253\" class=\"alignright size-medium wp-image-12886\" srcset=\"https:\/\/conakrynews.org\/wp-content\/uploads\/2022\/05\/20220508_131934-1-515x253.jpg 515w, https:\/\/conakrynews.org\/wp-content\/uploads\/2022\/05\/20220508_131934-1.jpg 640w\" sizes=\"auto, (max-width: 515px) 100vw, 515px\" \/><img loading=\"lazy\" decoding=\"async\" src=\"https:\/\/conakrynews.org\/wp-content\/uploads\/2022\/05\/20220508_132046-501x375.jpg\" alt=\"\" width=\"501\" height=\"375\" class=\"alignright size-medium wp-image-12887\" srcset=\"https:\/\/conakrynews.org\/wp-content\/uploads\/2022\/05\/20220508_132046-501x375.jpg 501w, https:\/\/conakrynews.org\/wp-content\/uploads\/2022\/05\/20220508_132046-768x575.jpg 768w, https:\/\/conakrynews.org\/wp-content\/uploads\/2022\/05\/20220508_132046.jpg 873w\" sizes=\"auto, (max-width: 501px) 100vw, 501px\" \/><\/p>\n<p>Du 7 au 10 mai 2022, la capitale tunisienne abrite  la r\u00e9union du Groupe R\u00e9gional Africain de l\u2019Union Internationale des magistrats.<\/p>\n<p>Au nom de l\u2019Association des magistrats de Guin\u00e9e(AMG), juge Mohamed Diawara et Juge A\u00efssatou Sakho, respectivement pr\u00e9sident et secr\u00e9taire aux affaires ext\u00e9rieures de l\u2019Association des magistrats de Guin\u00e9e (AMG) prennent  part \u00e0  cette  rencontre d\u2019une importance capitale.<\/p>\n<p>Selon des informations re\u00e7ues, cette  reunion a pour objectif  de construire des consensus, des ponts entre les magistrats de la plus grande Organisation judiciaire au monde(UIM), et ce quelle que soit la distance, quelles que soient les couleurs.<\/p>\n<p>Se concerter par commandement du c\u0153ur et exigences professionnelles, b\u00e2tir un cadre d\u2019\u00e9changes de pratiques, d\u2019exp\u00e9riences et de difficult\u00e9s; et promouvoir des relations d\u2019amiti\u00e9 afin de sauvegarder l\u2019ind\u00e9pendance du pouvoir judiciaire dans nos diff\u00e9rents Etats.<\/p>\n<p>En plus, c\u2019est de promouvoir et prot\u00e9ger les droits de l\u2019homme, les valeurs d\u00e9mocratiques et les r\u00e8gles et valeurs qui r\u00e9gissent la profession de magistrat. <\/p>\n<p>Mohamed Diawara qui milite pour une justice ind\u00e9pendante, impartiale et efficace a appr\u00e9cie cette rencontre, mais aussi salu\u00e9 l\u2019initiative de l\u2019association des magistrats de Guin\u00e9e de soutenir toutes les r\u00e9formes allant dans le sens de la qualification de la justice.<\/p>\n<p>\u00ab Merci \u00e0 l\u2019Association des magistratstunisiens(AMT)  pour son invitation et son aimable hospitalit\u00e9.<\/p>\n<p>Merci \u00e0 l\u2019Association des magistrats de Guin\u00e9e(AMG) qui t\u00e9moigne sa volont\u00e9 ind\u00e9fectible de soutenir les r\u00e9formes engag\u00e9es par son Conseil d\u2019Administration.<\/p>\n<p>Merci \u00e0 tous ceux qui r\u00eavent d\u2019une justice ind\u00e9pendante, impartiale, efficace, efficiente, objective, plus professionnelle et fonci\u00e8rement respectueuse des valeurs R\u00e9publicaines\u00ab , mentionne Mohamed Diawara, pr\u00e9sident de l\u2019association des magistrats de Guin\u00e9e.<\/p>\n<p>Guineelive.com<\/p>\n","protected":false},"excerpt":{"rendered":"<p>Du 7 au 10 mai 2022, la capitale tunisienne abrite la r\u00e9union du Groupe R\u00e9gional Africain de l\u2019Union Internationale des magistrats. Au nom de l\u2019Association des magistrats de Guin\u00e9e(AMG), juge Mohamed Diawara et Juge A\u00efssatou Sakho, respectivement pr\u00e9sident et secr\u00e9taire aux affaires ext\u00e9rieures de l\u2019Association des magistrats de Guin\u00e9e (AMG) prennent part \u00e0 cette rencontre [&hellip;]<\/p>\n","protected":false},"author":2,"featured_media":12888,"comment_status":"closed","ping_status":"closed","sticky":false,"template":"","format":"standard","meta":{"footnotes":""},"categories":[58],"tags":[],"class_list":{"0":"post-12883","1":"post","2":"type-post","3":"status-publish","4":"format-standard","5":"has-post-thumbnail","7":"category-societe"},"_links":{"self":[{"href":"https:\/\/conakrynews.org\/index.php\/wp-json\/wp\/v2\/posts\/12883","targetHints":{"allow":["GET"]}}],"collection":[{"href":"https:\/\/conakrynews.org\/index.php\/wp-json\/wp\/v2\/posts"}],"about":[{"href":"https:\/\/conakrynews.org\/index.php\/wp-json\/wp\/v2\/types\/post"}],"author":[{"embeddable":true,"href":"https:\/\/conakrynews.org\/index.php\/wp-json\/wp\/v2\/users\/2"}],"replies":[{"embeddable":true,"href":"https:\/\/conakrynews.org\/index.php\/wp-json\/wp\/v2\/comments?post=12883"}],"version-history":[{"count":0,"href":"https:\/\/conakrynews.org\/index.php\/wp-json\/wp\/v2\/posts\/12883\/revisions"}],"wp:featuredmedia":[{"embeddable":true,"href":"https:\/\/conakrynews.org\/index.php\/wp-json\/wp\/v2\/media\/12888"}],"wp:attachment":[{"href":"https:\/\/conakrynews.org\/index.php\/wp-json\/wp\/v2\/media?parent=12883"}],"wp:term":[{"taxonomy":"category","embeddable":true,"href":"https:\/\/conakrynews.org\/index.php\/wp-json\/wp\/v2\/categories?post=12883"},{"taxonomy":"post_tag","embeddable":true,"href":"https:\/\/conakrynews.org\/index.php\/wp-json\/wp\/v2\/tags?post=12883"}],"curies":[{"name":"wp","href":"https:\/\/api.w.org\/{rel}","templated":true}]}}