{"id":12928,"date":"2022-05-12T10:12:19","date_gmt":"2022-05-12T10:12:19","guid":{"rendered":"https:\/\/conakrynews.org\/?p=12928"},"modified":"2022-05-12T10:14:24","modified_gmt":"2022-05-12T10:14:24","slug":"civisme-fiscal-le-premier-ministre-lance-la-premiere-edition","status":"publish","type":"post","link":"https:\/\/conakrynews.org\/index.php\/civisme-fiscal-le-premier-ministre-lance-la-premiere-edition\/","title":{"rendered":"Civisme fiscale en Guin\u00e9e : Le premier ministre lance la premi\u00e8re \u00e9dition"},"content":{"rendered":"<p>Conakry, le 11 mai 2022 \u2013 La Guin\u00e9e organise ses premi\u00e8res journ\u00e9es du civisme fiscal du 11 au 12 mai. Le premier ministre Mohamed B\u00e9avogui a pr\u00e9sid\u00e9 la c\u00e9r\u00e9monie de lancement. L\u2019\u00e9v\u00e8nement a mobilis\u00e9 les membres du gouvernement, les partenaires techniques et financiers, les corps professionnels, les organisations de la soci\u00e9t\u00e9 civile, les acteurs \u00e9conomiques, les services de r\u00e9gies financi\u00e8res publiques et les contribuables.<br \/>\n\u00ab A travers les journ\u00e9es de civisme fiscal, le gouvernement voudrait renforcer l\u2019attachement au bien commun en soulignant la valeur sociale de l\u2019imp\u00f4t et son lien avec les d\u00e9penses publiques \u00bb explique le ministre du Budget Moussa Ciss\u00e9. Le niveau de mobilisation fiscale en Guin\u00e9e est tr\u00e8s faible : 13% seulement contre 18% au niveau sous r\u00e9gional.Cette ann\u00e9e, les services fiscaux projettent une mobilisation record de 26 064 milliards de francs guin\u00e9ens au titre des recettes budg\u00e9taires. Le gouvernement compte ainsi accroitre ses investissements dans les secteurs sociaux.Le Premier ministre a relev\u00e9 que le th\u00e8me choisi, la \u00ab Fiscalit\u00e9 au Service du D\u00e9veloppement \u00bb, indique bien l\u2019importance des recettes fiscales pour le financement des services aux populations et au d\u00e9veloppement \u00e9conomique du pays. Mohamed B\u00e9avogui a rappel\u00e9 que le r\u00f4le du Gouvernement est de concevoir et mettre en \u0153uvre des politiques publiques et des investissements destin\u00e9s \u00e0 l\u2019am\u00e9lioration des conditions de vie des Guin\u00e9ens. Pour cela il faut des ressources.Pour le Chef du Gouvernement, \u00ab les recettes fiscales mobilis\u00e9es par les r\u00e9gies financi\u00e8res sont les ressources sur lesquelles les Guin\u00e9ens doivent compter pour permettre \u00e0 l\u2019\u00c9tat d\u2019assurer une am\u00e9lioration du cadre de vie de nos populations \u00bb. Avant d\u2019invit\u00e9 les contribuables \u00ab \u00e0 cultiver un comportement de civisme fiscal \u00bb, le Premier ministre a assur\u00e9 que ces derniers mois, le gouvernement a engag\u00e9 des r\u00e9formes ardues pour s\u00e9curiser les recettes fiscales.Le Chef de la d\u00e9l\u00e9gation de l\u2019gnion europ\u00e9enne, salue l\u2019engagement du gouvernement. Josep COLL esp\u00e8re que ces journ\u00e9es de civisme fiscal vont permettre aussi, \u00ab d\u2019\u00e9couter la voix et les attentes des usagers et partager avec eux le besoin en cours et enfin porter \u00e0 leur connaissance les contenus des lois fiscales \u00bb.<br \/>\nAvec CCG<\/p>\n","protected":false},"excerpt":{"rendered":"<p>Conakry, le 11 mai 2022 \u2013 La Guin\u00e9e organise ses premi\u00e8res journ\u00e9es du civisme fiscal du 11 au 12 mai. Le premier ministre Mohamed B\u00e9avogui a pr\u00e9sid\u00e9 la c\u00e9r\u00e9monie de lancement. L\u2019\u00e9v\u00e8nement a mobilis\u00e9 les membres du gouvernement, les partenaires techniques et financiers, les corps professionnels, les organisations de la soci\u00e9t\u00e9 civile, les acteurs \u00e9conomiques, [&hellip;]<\/p>\n","protected":false},"author":2,"featured_media":12929,"comment_status":"closed","ping_status":"closed","sticky":false,"template":"","format":"standard","meta":{"footnotes":""},"categories":[58],"tags":[],"class_list":{"0":"post-12928","1":"post","2":"type-post","3":"status-publish","4":"format-standard","5":"has-post-thumbnail","7":"category-societe"},"_links":{"self":[{"href":"https:\/\/conakrynews.org\/index.php\/wp-json\/wp\/v2\/posts\/12928","targetHints":{"allow":["GET"]}}],"collection":[{"href":"https:\/\/conakrynews.org\/index.php\/wp-json\/wp\/v2\/posts"}],"about":[{"href":"https:\/\/conakrynews.org\/index.php\/wp-json\/wp\/v2\/types\/post"}],"author":[{"embeddable":true,"href":"https:\/\/conakrynews.org\/index.php\/wp-json\/wp\/v2\/users\/2"}],"replies":[{"embeddable":true,"href":"https:\/\/conakrynews.org\/index.php\/wp-json\/wp\/v2\/comments?post=12928"}],"version-history":[{"count":0,"href":"https:\/\/conakrynews.org\/index.php\/wp-json\/wp\/v2\/posts\/12928\/revisions"}],"wp:featuredmedia":[{"embeddable":true,"href":"https:\/\/conakrynews.org\/index.php\/wp-json\/wp\/v2\/media\/12929"}],"wp:attachment":[{"href":"https:\/\/conakrynews.org\/index.php\/wp-json\/wp\/v2\/media?parent=12928"}],"wp:term":[{"taxonomy":"category","embeddable":true,"href":"https:\/\/conakrynews.org\/index.php\/wp-json\/wp\/v2\/categories?post=12928"},{"taxonomy":"post_tag","embeddable":true,"href":"https:\/\/conakrynews.org\/index.php\/wp-json\/wp\/v2\/tags?post=12928"}],"curies":[{"name":"wp","href":"https:\/\/api.w.org\/{rel}","templated":true}]}}