{"id":12938,"date":"2022-05-12T11:20:39","date_gmt":"2022-05-12T11:20:39","guid":{"rendered":"https:\/\/conakrynews.org\/?p=12938"},"modified":"2022-05-12T11:20:39","modified_gmt":"2022-05-12T11:20:39","slug":"guinee-cest-maintenant-officiel-la-duree-de-la-transition-fixee-a-36-mois-par-le-cnt","status":"publish","type":"post","link":"https:\/\/conakrynews.org\/index.php\/guinee-cest-maintenant-officiel-la-duree-de-la-transition-fixee-a-36-mois-par-le-cnt\/","title":{"rendered":"Guin\u00e9e: C\u2019est maintenant officiel, la dur\u00e9e de la transition fix\u00e9e \u00e0 36 mois par le CNT"},"content":{"rendered":"<p>Le Conseil National de la Transition (CNT) a adopt\u00e9 ce mercredi 11 mai 2022 \u00e0 l\u2019h\u00e9micycle du palais 36 mois soient 3 ans pour la dur\u00e9e de la transition en Guin\u00e9e.<\/p>\n<p>Dans sa communication, le conseiller Aliou Thiam a fait savoir que l\u2019adoption du chronogramme de la transition ne rel\u00e8ve pas du CNT, mais il repr\u00e9sente l\u2019aboutissement d\u2019un long d\u00e9bat de tous les conseillers.<\/p>\n<p>Apr\u00e8s l\u2019adoption du chronogramme, un appel a \u00e9t\u00e9 lanc\u00e9 \u00e0 l\u2019endroit de tous les acteurs impliqu\u00e9s dans le processus afin de contribuer pour la r\u00e9ussite de la transition en Guin\u00e9e.<\/p>\n<p>Guineequotidien.com<\/p>\n","protected":false},"excerpt":{"rendered":"<p>Le Conseil National de la Transition (CNT) a adopt\u00e9 ce mercredi 11 mai 2022 \u00e0 l\u2019h\u00e9micycle du palais 36 mois soient 3 ans pour la dur\u00e9e de la transition en Guin\u00e9e. Dans sa communication, le conseiller Aliou Thiam a fait savoir que l\u2019adoption du chronogramme de la transition ne rel\u00e8ve pas du CNT, mais il [&hellip;]<\/p>\n","protected":false},"author":2,"featured_media":12939,"comment_status":"closed","ping_status":"closed","sticky":false,"template":"","format":"standard","meta":{"footnotes":""},"categories":[57],"tags":[],"class_list":{"0":"post-12938","1":"post","2":"type-post","3":"status-publish","4":"format-standard","5":"has-post-thumbnail","7":"category-politique"},"_links":{"self":[{"href":"https:\/\/conakrynews.org\/index.php\/wp-json\/wp\/v2\/posts\/12938","targetHints":{"allow":["GET"]}}],"collection":[{"href":"https:\/\/conakrynews.org\/index.php\/wp-json\/wp\/v2\/posts"}],"about":[{"href":"https:\/\/conakrynews.org\/index.php\/wp-json\/wp\/v2\/types\/post"}],"author":[{"embeddable":true,"href":"https:\/\/conakrynews.org\/index.php\/wp-json\/wp\/v2\/users\/2"}],"replies":[{"embeddable":true,"href":"https:\/\/conakrynews.org\/index.php\/wp-json\/wp\/v2\/comments?post=12938"}],"version-history":[{"count":0,"href":"https:\/\/conakrynews.org\/index.php\/wp-json\/wp\/v2\/posts\/12938\/revisions"}],"wp:featuredmedia":[{"embeddable":true,"href":"https:\/\/conakrynews.org\/index.php\/wp-json\/wp\/v2\/media\/12939"}],"wp:attachment":[{"href":"https:\/\/conakrynews.org\/index.php\/wp-json\/wp\/v2\/media?parent=12938"}],"wp:term":[{"taxonomy":"category","embeddable":true,"href":"https:\/\/conakrynews.org\/index.php\/wp-json\/wp\/v2\/categories?post=12938"},{"taxonomy":"post_tag","embeddable":true,"href":"https:\/\/conakrynews.org\/index.php\/wp-json\/wp\/v2\/tags?post=12938"}],"curies":[{"name":"wp","href":"https:\/\/api.w.org\/{rel}","templated":true}]}}