{"id":1294,"date":"2017-08-17T10:57:02","date_gmt":"2017-08-17T08:57:02","guid":{"rendered":"https:\/\/conakrynews.org\/?p=1294"},"modified":"2017-08-17T11:33:17","modified_gmt":"2017-08-17T09:33:17","slug":"festival-des-arts-mandingues-2017-plus-de-cinq-5-artistes-guineens-attendus-pour-la-3e-edition","status":"publish","type":"post","link":"https:\/\/conakrynews.org\/index.php\/festival-des-arts-mandingues-2017-plus-de-cinq-5-artistes-guineens-attendus-pour-la-3e-edition\/","title":{"rendered":"Festival des arts mandingues 2017 : Plus de cinq (5) artistes guin\u00e9ens  attendus  pour la 3e \u00e9dition"},"content":{"rendered":"<p><img loading=\"lazy\" decoding=\"async\" class=\"size-medium wp-image-1299 alignleft\" src=\"https:\/\/conakrynews.org\/wp-content\/uploads\/2017\/08\/54-1-500x375.jpg\" alt=\"\" width=\"500\" height=\"375\" srcset=\"https:\/\/conakrynews.org\/wp-content\/uploads\/2017\/08\/54-1-500x375.jpg 500w, https:\/\/conakrynews.org\/wp-content\/uploads\/2017\/08\/54-1.jpg 555w\" sizes=\"auto, (max-width: 500px) 100vw, 500px\" \/><strong>La guin\u00e9e participera du 15 au 25 Aout prochain \u00e0 la 3<sup>e<\/sup> \u00e9dition du festival des arts mandingues<!--more--> appel\u00e9 \u2018\u2019festam\u2019\u2019 pr\u00e9vu dans la capitale Ivoirienne.<\/strong><\/p>\n<p>Les artistes \u00a0 guin\u00e9ens \u00a0participeront \u00a0\u00e0 cette troisi\u00e8me \u00e9dition du festam avec beaucoup d\u2019artistes de la sous- r\u00e9gion notamment du \u00a0Burkina Faso, la Guin\u00e9e Bissau, le Mali , la cote d\u2019ivoire etc\u2026<\/p>\n<p>&nbsp;<\/p>\n<p>Pr\u00e9sent \u00e0 cette conf\u00e9rence d\u2019annonce des couleurs de cet \u00e9v\u00e9nement culturel, le repr\u00e9sentant du ministre de la culture des sports et du patrimoine historique, le \u00a0directeur national de la culture Jean Baptiste williams a r\u00e9it\u00e9r\u00e9 l\u2019engagement du gouvernement \u00e0 travers le d\u00e9partement de culture \u00e0 accompagner\u00a0 ce projet jusqu\u2019au bout \u00a0dont la guin\u00e9e est d\u2019ailleurs le pays d\u2019honneur.<\/p>\n<p>&nbsp;<\/p>\n<p>\u2018\u2019 Je vous rassure que vous pouvez compter sur l\u2019appui total du gouvernement qui soutien \u00e0 bras de corps ce \u00a0projet \u00a0d\u00e8s le d\u00e9but l\u2019annonce de la date \u00e0 travers ces artistes qui iront repr\u00e9senter la guin\u00e9e au compte de cette troisi\u00e8me \u00e9dition qui est pr\u00e9vue\u00a0 en c\u00f4te d\u2019Ivoire. Sans oublier la b\u00e9n\u00e9diction du ministre Siaka Barry que je repr\u00e9sente ici \u00e0 cette conf\u00e9rence pour des raisons de service\u2019\u2019 a d\u00e9clar\u00e9 \u00a0Jean Baptiste Williams, le directeur national de la culture<\/p>\n<p>&nbsp;<\/p>\n<p>La commissaire g\u00e9n\u00e9rale du \u2018\u2019 Festam\u2019\u2019 \u00a0Fanta Tirank\u00e9 Camara \u00a0a soulign\u00e9 avec\u00a0 pertinence \u00a0le th\u00e8me retenu cette ann\u00e9e qui porte sur \u00a0\u2018\u2019 l\u2019excision en pays mandingue\u2019\u2019.<\/p>\n<p>&nbsp;<\/p>\n<p>\u2018\u2019 Le th\u00e8me de cette ann\u00e9e qui concerne l\u2019excision en pays mandingue a \u00e9t\u00e9 choisi \u00e0 cause de l\u2019int\u00e9r\u00eat que accorde les institutions, ONG afin de freiner cette pratique n\u00e9faste \u00a0qui constitue une violence \u00e0 l\u2019\u00e9gard des jeunes filles. Malgr\u00e9 toutes les d\u00e9nonciations faites, ce fl\u00e9au persiste dans nos foyers en Afrique avec un taux de pr\u00e9valence estim\u00e9 \u00e0 plus de 97 pourcent en guin\u00e9e selon les derniers r\u00e9sultats publi\u00e9s. Donc nous avons choisi ce th\u00e8me pour nous faire entendre autrement avec les artistes pour que \u00e7a cesse\u2019\u2019 a d\u00e9plor\u00e9 Fanta Tirank\u00e9 Camara commissaire g\u00e9n\u00e9rale du festam<br \/>\nSelon, Morissanda Kouyat\u00e9 directeur ex\u00e9cutif du comit\u00e9 de lutte contre l\u2019excision en Afrique,\u00a0 parrain de l\u2019\u00e9v\u00e9nement, la solution serait la mise en place d\u2019une \u00e9ventuelle \u00a0loi contre les pratiquants de ce fl\u00e9au dans les pays o\u00f9 la pratique persiste encore.<br \/>\nA rappeler que, six artistes guin\u00e9ens \u00a0sont donc attendus pour \u00a0cette 3<sup>e<\/sup> \u00e9dition du festival des arts mandingues qui s\u2019ouvre le 15 Aout \u00e0 Abidjan, \u00e0 savoir\u00a0 Mory Kant\u00e9, S\u00e9kouba Bambino, Djeli kani Fanta, Lama Sidib\u00e9, Djekoria Fanta et Abraham Sonty Koudou waka qui \u00a0\u00a0sera d\u2019ailleurs en \u00a0t\u00eate d\u2019affiche des artistes guin\u00e9ens \u00e0 ce Festival.<\/p>\n<p>&nbsp;<\/p>\n<p>Facely Diawara<\/p>\n<p>Tel 628514333<\/p>\n<p>Conakrynews.org<\/p>\n<p>&nbsp;<\/p>\n","protected":false},"excerpt":{"rendered":"<p>La guin\u00e9e participera du 15 au 25 Aout prochain \u00e0 la 3e \u00e9dition du festival des arts mandingues<\/p>\n","protected":false},"author":2,"featured_media":1299,"comment_status":"open","ping_status":"open","sticky":false,"template":"","format":"standard","meta":{"footnotes":""},"categories":[62],"tags":[],"class_list":{"0":"post-1294","1":"post","2":"type-post","3":"status-publish","4":"format-standard","5":"has-post-thumbnail","7":"category-culture"},"_links":{"self":[{"href":"https:\/\/conakrynews.org\/index.php\/wp-json\/wp\/v2\/posts\/1294","targetHints":{"allow":["GET"]}}],"collection":[{"href":"https:\/\/conakrynews.org\/index.php\/wp-json\/wp\/v2\/posts"}],"about":[{"href":"https:\/\/conakrynews.org\/index.php\/wp-json\/wp\/v2\/types\/post"}],"author":[{"embeddable":true,"href":"https:\/\/conakrynews.org\/index.php\/wp-json\/wp\/v2\/users\/2"}],"replies":[{"embeddable":true,"href":"https:\/\/conakrynews.org\/index.php\/wp-json\/wp\/v2\/comments?post=1294"}],"version-history":[{"count":0,"href":"https:\/\/conakrynews.org\/index.php\/wp-json\/wp\/v2\/posts\/1294\/revisions"}],"wp:featuredmedia":[{"embeddable":true,"href":"https:\/\/conakrynews.org\/index.php\/wp-json\/wp\/v2\/media\/1299"}],"wp:attachment":[{"href":"https:\/\/conakrynews.org\/index.php\/wp-json\/wp\/v2\/media?parent=1294"}],"wp:term":[{"taxonomy":"category","embeddable":true,"href":"https:\/\/conakrynews.org\/index.php\/wp-json\/wp\/v2\/categories?post=1294"},{"taxonomy":"post_tag","embeddable":true,"href":"https:\/\/conakrynews.org\/index.php\/wp-json\/wp\/v2\/tags?post=1294"}],"curies":[{"name":"wp","href":"https:\/\/api.w.org\/{rel}","templated":true}]}}