{"id":12952,"date":"2022-05-13T20:16:43","date_gmt":"2022-05-13T20:16:43","guid":{"rendered":"https:\/\/conakrynews.org\/?p=12952"},"modified":"2022-05-13T20:27:09","modified_gmt":"2022-05-13T20:27:09","slug":"guinee-compte-rendu-du-conseil-des-ministres-du-jeudi","status":"publish","type":"post","link":"https:\/\/conakrynews.org\/index.php\/guinee-compte-rendu-du-conseil-des-ministres-du-jeudi\/","title":{"rendered":"Guin\u00e9e: Compte rendu du Conseil des ministres du jeudi 12  Mai 2022"},"content":{"rendered":"<p>La Session Ordinaire du Conseil des Ministres s\u2019est tenue ce jeudi 12 mai 2022 de 10H \u00e0 12H, sous la haute autorit\u00e9 de son Excellence Monsieur le Pr\u00e9sident du CNRD, Pr\u00e9sident de la Transition, Chef de l\u2019Etat, Chef Supr\u00eame des Arm\u00e9es, le Colonel Mamadi DOUMBOUYA.<br \/>\nLes points suivants \u00e9taient inscrits \u00e0 l\u2019ordre du jour :<\/p>\n<p>I. MESSAGE DE SON EXCELLENCE MONSIEUR LE PRESIDENT DE LA TRANSITION<\/p>\n<p>II. COMMUNICATIONS<\/p>\n<p>III. D\u00c9CISIONS ET RECOMMANDATIONS<\/p>\n<p>IV. DIVERS.<\/p>\n<p>I. MESSAGE DE SON EXCELLENCE MONSIEUR LE PRESIDENT DE LA TRANSITION.<\/p>\n<p>Son Excellence Monsieur le Pr\u00e9sident du CNRD, Pr\u00e9sident de la Transition, Chef de l\u2019Etat, Chef Supr\u00eame des Arm\u00e9es, le Colonel Mamadi DOUMBOUYA, a port\u00e9 son message sur les points suivants :<br \/>\n1. Le Chef de l\u2019\u00c9tat a inform\u00e9 le gouvernement du projet de cr\u00e9ation d\u2019une nouvelle cha\u00eene de t\u00e9l\u00e9vision sp\u00e9cialement orient\u00e9e sur l\u2019\u00e9ducation et la promotion de l\u2019entrepreneuriat des jeunes.<br \/>\n 2-Le pr\u00e9sidenta aussi mis l\u2019accent sur le chronogramme de la Transition d\u00e9j\u00e0 transmis et adopt\u00e9 par le CNT par voie de R\u00e9solution. A cet effet, il a invit\u00e9 les membres du gouvernement, chacun dans son secteur, \u00e0 se l\u2019approprier en vue d\u2019une large diffusion aux populations.<\/p>\n<p>3. Enfin, Le Chef de l\u2019\u00c9tat a instruit les Ministres des Mines, de l\u2019Environnement, des Transports et celui de l\u2019Urbanisme, \u00e0 se concerter sur la r\u00e9solution d\u2019un \u00e9ventuel conflit de comp\u00e9tences et d\u2019attributions entre l\u2019Autorit\u00e9 de R\u00e9gulation du Trafic Fluvial Maritime et l\u2019ANAIM, relative \u00e0 la gestion des infrastructures mini\u00e8res.<\/p>\n<p>II. COMMUNICATIONS.<br \/>\nLe Premier Ministre, Chef du Gouvernement a, dans son compte-rendu du Conseil Interminist\u00e9riel, abord\u00e9 le sujet relatif \u00e0 l\u2019\u00e9valuation des Ministres. Il a rappel\u00e9 qu\u2019il s\u2019agissait d\u2019une premi\u00e8re pour son gouvernement. Il a donc invit\u00e9 le gouvernement \u00e0 mettre \u00e0 profit cette premi\u00e8re exp\u00e9rience pour redoubler d\u2019effort.<br \/>\nLe Premier Ministre a aussi \u00e9voqu\u00e9 la question des Droits de Tirage Sp\u00e9ciaux (DTS) qui a \u00e9t\u00e9 lanc\u00e9 par le Pr\u00e9sident. Il a rappel\u00e9 les crit\u00e8res d\u2019octroi (que les projets fassent l\u2019objet d\u2019\u00e9tudes, qu\u2019ils soient finan\u00e7ables, qu\u2019ils soient ex\u00e9cutables au cours de cette ann\u00e9e et qu\u2019il n\u2019y ait aucune difficult\u00e9 \u00e0 leurs mises en \u0153uvre.<br \/>\nLe Premier Ministre a demand\u00e9 \u00e0 tous les Ministres de redoubler d\u2019effort pour que les projets financ\u00e9s par les Droits de Tirage Sp\u00e9ciaux (DTS. soient mis en ex\u00e9cution.<br \/>\nLe Premier Ministre a, sur Instruction du Pr\u00e9sident de la Transition, Chef de l\u2019Etat, demand\u00e9 que le reliquat des vingt millions soit affect\u00e9 \u00e0 Bamb\u00e9to, pour l\u2019ex\u00e9cution des travaux du Minist\u00e8re de la Jeunesse et des Sports.<br \/>\nEn ce qui concerne la Cit\u00e9 Minist\u00e9rielle, le Chef du gouvernement a demand\u00e9 au Ministre de l\u2019Urbanisme et de l\u2019Am\u00e9nagement du Territoire de faire tr\u00e8s rapidement une proposition de date pour l\u2019inauguration des travaux.<br \/>\nLe Premier Ministre a d\u00e9plor\u00e9 le fait qu\u2019il n\u2019y ait pas de contournante \u00e0 l\u2019entr\u00e9e de Kagbel\u00e9n. Il a donc invit\u00e9 le Ministre des Infrastructures et des Transports \u00e0 se mettre en rapport avec le Ministre de la S\u00e9curit\u00e9 et de la Protection Civile en vue de proposer une solution pour fluidifier la circulation au niveau des points d\u2019entr\u00e9e et de sorties dans les trois jours.<\/p>\n<p>Le Ministre des Infrastructures et des Transports a fait une communication relative au Contrat de Concession avec la Soci\u00e9t\u00e9 de Gestion Fluviale (SGF) sur la Fatala.<\/p>\n<p>Il a sollicit\u00e9 du conseil d\u2019approuver le transfert du dossier de la Soci\u00e9t\u00e9 de R\u00e9gulation du Trafic Fluvial et Maritime sur la Fatala (SGF) et tous les dossiers similaires y aff\u00e9rents \u00e0 l\u2019autorit\u00e9 de R\u00e9gulation du Transport Fluviomaritime (ARTFM) conform\u00e9ment au d\u00e9cret de cr\u00e9ation et du statut de ladite soci\u00e9t\u00e9.<\/p>\n<p>Le Ministre de la Jeunesse et des Sports a fait deux communications, l\u2019une relative \u00e0 la mise en place du Conseil National des Jeunes de Guin\u00e9e (CNJ-GUINEE), et l\u2019autre relative \u00e0 L\u2019Organisation de la Coupe d\u2019Afrique des Nations (CAN) 2025.<\/p>\n<p>III. D\u00c9CISIONS ET RECOMMANDATIONS.<\/p>\n<p>1. Minist\u00e8re des Infrastructures et des Transports<br \/>\nA l\u2019issu de la Communication relative au Contrat de Concession avec la Soci\u00e9t\u00e9 de Gestion Fluviale (SGF) sur la Fatala :<\/p>\n<p>\uf0d8 Le Conseil a valid\u00e9 le transfert du Contrat de Concession \u00e0 l\u2019Autorit\u00e9 de R\u00e9gulation des Transports Fluviaux \u2013 Maritimes (ARTFM), qui aura pour mission de s\u2019assurer du respect par notre pays, de tous les engagements contenus dans le contrat de concession.<\/p>\n<p>2. Minist\u00e8re de la Jeunesse et des Sports<\/p>\n<p>\uf076 A l\u2019issue de la Communication relative \u00e0 la mise en place du Conseil National des Jeunes de Guin\u00e9e (CNJ-GUINEE) le Conseil a approuv\u00e9 le d\u00e9marrage du processus de mise en place du Conseil National de la Jeunesse.<\/p>\n<p>\uf076 Sur l\u2019Etat d\u2019avancement des pr\u00e9paratifs de l\u2019organisation de la Coupe d\u2019Afrique des Nations (CAN) 2025 le Conseil a recommand\u00e9 :<br \/>\n1. La r\u00e9vision du cadre institutionnel en vue de cr\u00e9er un organe (agence ou autorit\u00e9) Charg\u00e9 de la gestion du COCAN ;<br \/>\n2. La mise \u00e0 jour du Chronogramme d\u2019activit\u00e9s ;<br \/>\n3. La r\u00e9vision de la Gouvernance du COCAN en impliquant toutes les parties prenantes. A cet effet, une r\u00e9union aura lieu le lundi 16 mai 2022 \u00e0 14 heures \u00e0 la Primature avec les ministres (Sports, Sant\u00e9, S\u00e9curit\u00e9, Urbanisme, Finances, Budget, Infrastructures, D\u00e9fense ; les Ministres Secr\u00e9taire g\u00e9n\u00e9ral et Directeur de cabinet de la Pr\u00e9sidence).<br \/>\n4. De proc\u00e9der au recrutement des bureaux d\u2019\u00e9tudes pour appuyer l\u2019organe de gestion du COCAN ;<\/p>\n<p>IV. DIVERS.<br \/>\nAu titre des divers :<br \/>\n1. Madame la Ministre de l\u2019Information et de la Communication assurant l\u2019int\u00e9rim du Ministre des Postes et T\u00e9l\u00e9communications a annonc\u00e9 que le d\u00e9marrage de la strat\u00e9gie nationale de digitalisation est en cours. Elle a r\u00e9it\u00e9r\u00e9 son invitation \u00e0 chaque d\u00e9partement d\u2019identifier ses points focaux.<br \/>\n2. Madame la Ministre de la Promotion F\u00e9minine, de l\u2019Enfance et des Personnes Vuln\u00e9rables a inform\u00e9 que les travaux concernant l\u2019octroi des financements \u00e0 300 groupements f\u00e9minins avancent \u00e0 grand pas ;<br \/>\n3. Le Ministre de l\u2019Agriculture et de l\u2019\u00c9levage a attir\u00e9 l\u2019attention du Conseil sur le fait qu\u2019il y a un risque de grippe aviaire en Guin\u00e9e. Il a tout de m\u00eame rassur\u00e9 que des dispositions sont envisag\u00e9es par son d\u00e9partement.<br \/>\n4. Quant \u00e0 la Campagne Agricole, le Ministre a inform\u00e9 de son lancement la semaine prochaine.<br \/>\n5. Le Ministre du Travail et de la Fonction Publique a inform\u00e9 le Conseil de l\u2019organisation en diff\u00e9r\u00e9 de la f\u00eate du travail le Samedi 14 mai, \u00e0 la demande du syndicat.<\/p>\n<p>Conakry le 12 Mai 2022<br \/>\nOusmane Gaoual DIALLO, Ministre de l\u2019Urbanisme, de l\u2019Habitat et l\u2019Am\u00e9nagement du Territoire, <\/p>\n","protected":false},"excerpt":{"rendered":"<p>La Session Ordinaire du Conseil des Ministres s\u2019est tenue ce jeudi 12 mai 2022 de 10H \u00e0 12H, sous la haute autorit\u00e9 de son Excellence Monsieur le Pr\u00e9sident du CNRD, Pr\u00e9sident de la Transition, Chef de l\u2019Etat, Chef Supr\u00eame des Arm\u00e9es, le Colonel Mamadi DOUMBOUYA. Les points suivants \u00e9taient inscrits \u00e0 l\u2019ordre du jour : [&hellip;]<\/p>\n","protected":false},"author":2,"featured_media":12955,"comment_status":"closed","ping_status":"closed","sticky":false,"template":"","format":"standard","meta":{"footnotes":""},"categories":[57],"tags":[],"class_list":{"0":"post-12952","1":"post","2":"type-post","3":"status-publish","4":"format-standard","5":"has-post-thumbnail","7":"category-politique"},"_links":{"self":[{"href":"https:\/\/conakrynews.org\/index.php\/wp-json\/wp\/v2\/posts\/12952","targetHints":{"allow":["GET"]}}],"collection":[{"href":"https:\/\/conakrynews.org\/index.php\/wp-json\/wp\/v2\/posts"}],"about":[{"href":"https:\/\/conakrynews.org\/index.php\/wp-json\/wp\/v2\/types\/post"}],"author":[{"embeddable":true,"href":"https:\/\/conakrynews.org\/index.php\/wp-json\/wp\/v2\/users\/2"}],"replies":[{"embeddable":true,"href":"https:\/\/conakrynews.org\/index.php\/wp-json\/wp\/v2\/comments?post=12952"}],"version-history":[{"count":0,"href":"https:\/\/conakrynews.org\/index.php\/wp-json\/wp\/v2\/posts\/12952\/revisions"}],"wp:featuredmedia":[{"embeddable":true,"href":"https:\/\/conakrynews.org\/index.php\/wp-json\/wp\/v2\/media\/12955"}],"wp:attachment":[{"href":"https:\/\/conakrynews.org\/index.php\/wp-json\/wp\/v2\/media?parent=12952"}],"wp:term":[{"taxonomy":"category","embeddable":true,"href":"https:\/\/conakrynews.org\/index.php\/wp-json\/wp\/v2\/categories?post=12952"},{"taxonomy":"post_tag","embeddable":true,"href":"https:\/\/conakrynews.org\/index.php\/wp-json\/wp\/v2\/tags?post=12952"}],"curies":[{"name":"wp","href":"https:\/\/api.w.org\/{rel}","templated":true}]}}