{"id":13003,"date":"2022-05-17T10:17:01","date_gmt":"2022-05-17T10:17:01","guid":{"rendered":"https:\/\/conakrynews.org\/?p=13003"},"modified":"2022-05-17T10:18:38","modified_gmt":"2022-05-17T10:18:38","slug":"mandianun-mort-et-6-blesses","status":"publish","type":"post","link":"https:\/\/conakrynews.org\/index.php\/mandianun-mort-et-6-blesses\/","title":{"rendered":"Mandian:Mandiana : Un mort, 6 bless\u00e9s et 4 personnes prises en otage dans des affrontements entre jeunes de deux localit\u00e9s"},"content":{"rendered":"<p>Des affrontements ont \u00e9clat\u00e9 samedi 14 Mai dernier, aux environs de 10 heures (TU), entre les jeunes de Niantanina-centre et ceux de Dj\u00e9limala, dans les mines d\u2019or de \u00ab Gb\u00e8r\u00e8ko \u00bb, dans la sous-pr\u00e9fecture de Niantanina, situ\u00e9e \u00e0 65 km de Mandiana, rapporte le correspondant de l\u2019AGP.<\/p>\n<p>Le bilan fait \u00e9tat d\u2019un (1) mort, 6 bless\u00e9s graves et 4 personnes prises en otage, tous du c\u00f4t\u00e9 de Niantanina<br \/>\nSelon les t\u00e9moignages, les jeunes de Dj\u00e9limala s\u2019\u00e9taient rendus \u00e0 Tokolomba sur invitation dans la nuit du jeudi 12 Mai pour prendre part au vin d\u2019honneur lors du mariage de leur oncle. A leur retour, ils ont \u00e9t\u00e9 pris \u00e0 partie par certains jeunes de Niantanina centre qui ont fait 2 bless\u00e9s parmi eux. Le vendredi 13 mai, les parents des bless\u00e9s ont port\u00e9 plainte contre les principaux meneurs \u00e0 la brigade de la Gendarmerie de Niantanina. Contre toute attente, le samedi matin, les m\u00eames jeunes de Niantanina se sont mobilis\u00e9s pour venir attaquer les jeunes de Dj\u00e9limala dans les mines de Gb\u00e8r\u00e8ko. Il a fallu la promptitude des forces de d\u00e9fense et de s\u00e9curit\u00e9 pour r\u00e9tablir l\u2019ordre et lib\u00e9rer les 4 otages d\u00e9tenus par les jeunes de Dj\u00e9limala qui risquaient \u2018\u2019un ch\u00e2timent s\u00e9v\u00e8re\u2019\u2019<br \/>\nLe pr\u00e9fet de Mandiana Colonel Fod\u00e9 Soumah, a promis de mettre fin \u00e0 de telles violences.<br \/>\nLes 6 bless\u00e9s sont admis actuellement \u00e0 l\u2019h\u00f4pital pr\u00e9fectoral pour des soins intensifs. \u00ab Le calme est revenu, la situation est sous contr\u00f4le \u00bb, confirme le sous-pr\u00e9fet de Niantanina, capitaine Mohamed Camara.<\/p>\n<p>AGP<\/p>\n","protected":false},"excerpt":{"rendered":"<p>Des affrontements ont \u00e9clat\u00e9 samedi 14 Mai dernier, aux environs de 10 heures (TU), entre les jeunes de Niantanina-centre et ceux de Dj\u00e9limala, dans les mines d\u2019or de \u00ab Gb\u00e8r\u00e8ko \u00bb, dans la sous-pr\u00e9fecture de Niantanina, situ\u00e9e \u00e0 65 km de Mandiana, rapporte le correspondant de l\u2019AGP. Le bilan fait \u00e9tat d\u2019un (1) mort, 6 [&hellip;]<\/p>\n","protected":false},"author":2,"featured_media":13004,"comment_status":"closed","ping_status":"closed","sticky":false,"template":"","format":"standard","meta":{"footnotes":""},"categories":[58],"tags":[],"class_list":{"0":"post-13003","1":"post","2":"type-post","3":"status-publish","4":"format-standard","5":"has-post-thumbnail","7":"category-societe"},"_links":{"self":[{"href":"https:\/\/conakrynews.org\/index.php\/wp-json\/wp\/v2\/posts\/13003","targetHints":{"allow":["GET"]}}],"collection":[{"href":"https:\/\/conakrynews.org\/index.php\/wp-json\/wp\/v2\/posts"}],"about":[{"href":"https:\/\/conakrynews.org\/index.php\/wp-json\/wp\/v2\/types\/post"}],"author":[{"embeddable":true,"href":"https:\/\/conakrynews.org\/index.php\/wp-json\/wp\/v2\/users\/2"}],"replies":[{"embeddable":true,"href":"https:\/\/conakrynews.org\/index.php\/wp-json\/wp\/v2\/comments?post=13003"}],"version-history":[{"count":0,"href":"https:\/\/conakrynews.org\/index.php\/wp-json\/wp\/v2\/posts\/13003\/revisions"}],"wp:featuredmedia":[{"embeddable":true,"href":"https:\/\/conakrynews.org\/index.php\/wp-json\/wp\/v2\/media\/13004"}],"wp:attachment":[{"href":"https:\/\/conakrynews.org\/index.php\/wp-json\/wp\/v2\/media?parent=13003"}],"wp:term":[{"taxonomy":"category","embeddable":true,"href":"https:\/\/conakrynews.org\/index.php\/wp-json\/wp\/v2\/categories?post=13003"},{"taxonomy":"post_tag","embeddable":true,"href":"https:\/\/conakrynews.org\/index.php\/wp-json\/wp\/v2\/tags?post=13003"}],"curies":[{"name":"wp","href":"https:\/\/api.w.org\/{rel}","templated":true}]}}