{"id":13014,"date":"2022-05-18T08:49:07","date_gmt":"2022-05-18T08:49:07","guid":{"rendered":"https:\/\/conakrynews.org\/?p=13014"},"modified":"2022-05-18T08:49:07","modified_gmt":"2022-05-18T08:49:07","slug":"guinee-la-cedeao-invalide-le-delai-de-transition-de-trois-ans","status":"publish","type":"post","link":"https:\/\/conakrynews.org\/index.php\/guinee-la-cedeao-invalide-le-delai-de-transition-de-trois-ans\/","title":{"rendered":"Guin\u00e9e : la CEDEAO invalide le d\u00e9lai de transition de trois ans"},"content":{"rendered":"<p>Le d\u00e9lai de transition fix\u00e9 en Guin\u00e9e est en total d\u00e9saccord avec les dirigeants de la CEDEAO qui pr\u00e9conisent un d\u00e9lai beaucoup plus court. Pour l\u2019institution sous r\u00e9gional le r\u00f4le de la transition c\u2019est de pr\u00e9parer des \u00e9lections transparentes et cr\u00e9dibles et non de faire toutes les r\u00e9formes.<br \/>\nLa CEDEAO est contre le d\u00e9lai de transition fix\u00e9 en Guin\u00e9e. L\u2019institution sous r\u00e9gionale estime que ce d\u00e9lai est beaucoup trop long pour un retour \u00e0 la normale. Les autorit\u00e9s transitaires avaient fix\u00e9 comme p\u00e9riode de durabilit\u00e9 3 ans et 3 mois de transition. Une d\u00e9cision qui ne re\u00e7oit pas l\u2019adh\u00e9sion de la CEDEAO.<\/p>\n<p>\u201cLes meilleures transitions, c\u2019est les transitions les plus courtes possibles. Une transition qui est issue d\u2019un coup d\u2019Etat militaire, ce n\u2019est pas un mandat \u00e9lectif. Dans notre r\u00e9gion vous avez des chefs d\u2019Etats qui sont \u00e9lus pour cinq ans. Un coup d\u2019Etat militaire qui s\u2019apparente \u00e0 un mandat \u00e9lectif, \u00e7a pose un probl\u00e8me\u201d<\/p>\n<p>Jean-Claude Kassi BROU, Pr\u00e9sident de la commission de la CEDEAO<\/p>\n<p>Les autorit\u00e9s transitaires de Guin\u00e9e disent avoir pris cette d\u00e9cision apr\u00e8s avoir consult\u00e9 toutes les forces vives de la nation. Elles disent vouloir restaurer une stabilit\u00e9 politique et sociale avant de remettre le pouvoir. Certains partis de l\u2019opposition ont de leur c\u00f4t\u00e9 indiqu\u00e9 qu\u2019ils ne sont pas d\u2019accord avec le d\u00e9lai de transition fix\u00e9<\/p>\n<p>\u201cUne transition n\u2019est pas l\u00e0 pour faire toutes les r\u00e9formes. Il s\u2019agit pour une transition de faire en sorte qu\u2019on ait une \u00e9lection cr\u00e9dible. Qui soit une \u00e9lection accept\u00e9e par toutes les parties pour qu\u2019il y ait consensus et la paix; c\u2019est \u00e7a l\u2019objectif principal d\u2019une transition. Mais une transition n\u2019a pas de l\u00e9gitimit\u00e9 pour faire des r\u00e9formes qui doivent \u00eatre faites par un gouvernement issu du peuple\u201d.<\/p>\n<p>Jean-Claude Kassi BROU, Pr\u00e9sident de la commission de la CEDEAO<\/p>\n<p>La CEDEAO a suspendu la Guin\u00e9e de toutes ses instances de d\u00e9cision. L\u2019institution sous r\u00e9gionale a \u00ab exig\u00e9 le respect de l\u2019int\u00e9grit\u00e9 physique du pr\u00e9sident Alpha Cond\u00e9 \u00bb ainsi que la lib\u00e9ration de toutes les personnes interpell\u00e9es et r\u00e9clament, \u00ab tr\u00e8s rapidement \u00bb, un retour \u00e0 l\u2019ordre constitutionnel.<\/p>\n<p>Avec Africa24<\/p>\n","protected":false},"excerpt":{"rendered":"<p>Le d\u00e9lai de transition fix\u00e9 en Guin\u00e9e est en total d\u00e9saccord avec les dirigeants de la CEDEAO qui pr\u00e9conisent un d\u00e9lai beaucoup plus court. Pour l\u2019institution sous r\u00e9gional le r\u00f4le de la transition c\u2019est de pr\u00e9parer des \u00e9lections transparentes et cr\u00e9dibles et non de faire toutes les r\u00e9formes. La CEDEAO est contre le d\u00e9lai de [&hellip;]<\/p>\n","protected":false},"author":2,"featured_media":13015,"comment_status":"closed","ping_status":"closed","sticky":false,"template":"","format":"standard","meta":{"footnotes":""},"categories":[57],"tags":[],"class_list":{"0":"post-13014","1":"post","2":"type-post","3":"status-publish","4":"format-standard","5":"has-post-thumbnail","7":"category-politique"},"_links":{"self":[{"href":"https:\/\/conakrynews.org\/index.php\/wp-json\/wp\/v2\/posts\/13014","targetHints":{"allow":["GET"]}}],"collection":[{"href":"https:\/\/conakrynews.org\/index.php\/wp-json\/wp\/v2\/posts"}],"about":[{"href":"https:\/\/conakrynews.org\/index.php\/wp-json\/wp\/v2\/types\/post"}],"author":[{"embeddable":true,"href":"https:\/\/conakrynews.org\/index.php\/wp-json\/wp\/v2\/users\/2"}],"replies":[{"embeddable":true,"href":"https:\/\/conakrynews.org\/index.php\/wp-json\/wp\/v2\/comments?post=13014"}],"version-history":[{"count":0,"href":"https:\/\/conakrynews.org\/index.php\/wp-json\/wp\/v2\/posts\/13014\/revisions"}],"wp:featuredmedia":[{"embeddable":true,"href":"https:\/\/conakrynews.org\/index.php\/wp-json\/wp\/v2\/media\/13015"}],"wp:attachment":[{"href":"https:\/\/conakrynews.org\/index.php\/wp-json\/wp\/v2\/media?parent=13014"}],"wp:term":[{"taxonomy":"category","embeddable":true,"href":"https:\/\/conakrynews.org\/index.php\/wp-json\/wp\/v2\/categories?post=13014"},{"taxonomy":"post_tag","embeddable":true,"href":"https:\/\/conakrynews.org\/index.php\/wp-json\/wp\/v2\/tags?post=13014"}],"curies":[{"name":"wp","href":"https:\/\/api.w.org\/{rel}","templated":true}]}}