{"id":13019,"date":"2022-05-18T08:59:35","date_gmt":"2022-05-18T08:59:35","guid":{"rendered":"https:\/\/conakrynews.org\/?p=13019"},"modified":"2022-05-18T08:59:35","modified_gmt":"2022-05-18T08:59:35","slug":"kindia-un-differend-domanial-oppose-les-autochtones-du-village-de-sekhoussorya-et-les-allogenes-du-village-de-dar-es-salam","status":"publish","type":"post","link":"https:\/\/conakrynews.org\/index.php\/kindia-un-differend-domanial-oppose-les-autochtones-du-village-de-sekhoussorya-et-les-allogenes-du-village-de-dar-es-salam\/","title":{"rendered":"Kindia: un diff\u00e9rend domanial oppose les autochtones du village de S\u00e8khoussorya et les allog\u00e8nes du village de Dar Es Salam"},"content":{"rendered":"\n<p>A Kindia, dans la sous-pr\u00e9fecture de Madina-Oula, un diff\u00e9rend domanial oppose depuis 2018, les autochtones soussous du village de S\u00e8khoussorya et les allog\u00e8nes malink\u00e9s du village de Dar Es Salam autour du domaine de Foss\u00e8 Khour\u00e9. A un moment donn\u00e9, profitant vraisemblablement de la pr\u00e9sence de l\u2019ethnocratie de leur communaut\u00e9 \u00e0 la t\u00eate de l\u2019\u00c9tat, des allog\u00e8nes malink\u00e9s du village de Dar Es Salam s\u2019\u00e9taient servis des autorit\u00e9s de comp\u00e9tences du chef-lieu de la pr\u00e9fecture (Kindia) pour jeter de nombreux autochtones soussous du village de S\u00e8khoussorya en prison et ce en pleins mois de ramadan: m\u00eame le chef de ce village ne fut pas \u00e9pargn\u00e9 par cette abjection. En plus de nombreux supplices subis par ces derniers, de fortes sommes d\u2019argent leur ont \u00e9t\u00e9 soutir\u00e9s pour recouvrer leur libert\u00e9. En d\u00e9pit de ces injustices, le village de S\u00e8khoussorya est rest\u00e9 digne en s\u2019en remettant \u00e0 la justice de notre pays. Le jugement du tribunal de premi\u00e8re instance de Kindia leur donna raison. Le village de Dar Es Salam fit appel, en instance d\u2019appel, les autochtones eurent \u00e9galement raison. Apr\u00e8s cette d\u00e9cision, le village d\u2019allog\u00e8ne de Dar Es Salam continua toujours son acharnement contre ceux qui ont pourtant apport\u00e9 leur hospitalit\u00e9 \u00e0 leurs parents. Ils ont saisi la cour supr\u00eame. L\u2019organe supr\u00eame de la justice guin\u00e9enne doit se prononcer l\u00e0-dessus en principe ce mercredi 17 mai 2022.<\/p>\n<p>Quand nous d\u00e9non\u00e7ons certains comportements dans ce pays, il y a des gens \u00e0 court d\u2019argument \u00e0 faire valoir qui nous traitent d\u2019ethnos. Sinon, est-ce que genre de chose est normal dans un \u00c9tat?<\/p>\n<p>Affaire \u00e0 suivre !<\/p>\n<p> Guineequotidien.com<\/p>\n","protected":false},"excerpt":{"rendered":"<p>A Kindia, dans la sous-pr\u00e9fecture de Madina-Oula, un diff\u00e9rend domanial oppose depuis 2018, les autochtones soussous du village de S\u00e8khoussorya et les allog\u00e8nes malink\u00e9s du village de Dar Es Salam autour du domaine de Foss\u00e8 Khour\u00e9. A un moment donn\u00e9, profitant vraisemblablement de la pr\u00e9sence de l\u2019ethnocratie de leur communaut\u00e9 \u00e0 la t\u00eate de l\u2019\u00c9tat, [&hellip;]<\/p>\n","protected":false},"author":2,"featured_media":13020,"comment_status":"closed","ping_status":"closed","sticky":false,"template":"","format":"standard","meta":{"footnotes":""},"categories":[58],"tags":[],"class_list":{"0":"post-13019","1":"post","2":"type-post","3":"status-publish","4":"format-standard","5":"has-post-thumbnail","7":"category-societe"},"_links":{"self":[{"href":"https:\/\/conakrynews.org\/index.php\/wp-json\/wp\/v2\/posts\/13019","targetHints":{"allow":["GET"]}}],"collection":[{"href":"https:\/\/conakrynews.org\/index.php\/wp-json\/wp\/v2\/posts"}],"about":[{"href":"https:\/\/conakrynews.org\/index.php\/wp-json\/wp\/v2\/types\/post"}],"author":[{"embeddable":true,"href":"https:\/\/conakrynews.org\/index.php\/wp-json\/wp\/v2\/users\/2"}],"replies":[{"embeddable":true,"href":"https:\/\/conakrynews.org\/index.php\/wp-json\/wp\/v2\/comments?post=13019"}],"version-history":[{"count":0,"href":"https:\/\/conakrynews.org\/index.php\/wp-json\/wp\/v2\/posts\/13019\/revisions"}],"wp:featuredmedia":[{"embeddable":true,"href":"https:\/\/conakrynews.org\/index.php\/wp-json\/wp\/v2\/media\/13020"}],"wp:attachment":[{"href":"https:\/\/conakrynews.org\/index.php\/wp-json\/wp\/v2\/media?parent=13019"}],"wp:term":[{"taxonomy":"category","embeddable":true,"href":"https:\/\/conakrynews.org\/index.php\/wp-json\/wp\/v2\/categories?post=13019"},{"taxonomy":"post_tag","embeddable":true,"href":"https:\/\/conakrynews.org\/index.php\/wp-json\/wp\/v2\/tags?post=13019"}],"curies":[{"name":"wp","href":"https:\/\/api.w.org\/{rel}","templated":true}]}}