{"id":1302,"date":"2017-08-18T11:07:23","date_gmt":"2017-08-18T09:07:23","guid":{"rendered":"https:\/\/conakrynews.org\/?p=1302"},"modified":"2017-08-21T12:49:23","modified_gmt":"2017-08-21T10:49:23","slug":"au-moins-600-migrants-secourus-en-un-jour-entre-maroc-et-espagne","status":"publish","type":"post","link":"https:\/\/conakrynews.org\/index.php\/au-moins-600-migrants-secourus-en-un-jour-entre-maroc-et-espagne\/","title":{"rendered":"Au moins 600 migrants secourus en un jour entre Maroc et Espagne"},"content":{"rendered":"<p>Les services de sauvetage espagnols ont annonc\u00e9 mercredi avoir secouru pr\u00e8s de 600 personnes \u00e0 bord de 15 embarcations et d\u2019un scooter des mers, entre le Maroc de l\u2019Espagne, une route de plus en plus emprunt\u00e9e par les migrants.<\/p>\n<p>\u00ab\u00a0Quelque 599 personnes ont \u00e9t\u00e9 secourues dans les eaux du d\u00e9troit de Gibraltar et la mer d\u2019Alboran\u00a0\u00bb, entre deux heures du matin et la fin de l\u2019apr\u00e8s-midi, a indiqu\u00e9 \u00e0 l\u2019AFP un porte-parole de l\u2019\u00e9tablissement public charg\u00e9 de la s\u00fbret\u00e9 maritime dans les eaux espagnoles.<\/p>\n<p>Parmi elles se trouvaient au moins 35 mineurs dont un b\u00e9b\u00e9.<\/p>\n<p>\u00ab\u00a0Quelque 430 personnes, ramen\u00e9es au port espagnol de Tarifa, ont \u00e9t\u00e9 secourues alors qu\u2019elles voyageaient \u00e0 bord de 10 embarcations de fortune. Dans la zone d\u2019Almeria, ont \u00e9t\u00e9 recueillies 169 personnes, \u00e0 bord de cinq embarcations et d\u2019une moto aquatique\u00a0\u00bb.<\/p>\n<p>Une patrouille italienne a particip\u00e9 aux op\u00e9rations en mer d\u2019Aboran, \u00e0 l\u2019est de Gibraltar.<\/p>\n<p>Ce chiffre est l\u2019un des plus importants enregistr\u00e9s en Espagne en une seule journ\u00e9e au cours des derni\u00e8res ann\u00e9es. Mais par comparaison, 5.000 migrants avaient \u00e9t\u00e9 secourus en un seul jour, le 26 juin, au large de la Libye, selon les gardes-c\u00f4tes italiens.<\/p>\n<p>\u00ab\u00a0Le nombre important d\u2019embarcations qui arrivent sur la c\u00f4te espagnole cet \u00e9t\u00e9 est inhabituel\u00a0\u00bb, a indiqu\u00e9 dans la matin\u00e9e une porte-parole des garde-c\u00f4tes, pr\u00e9cisant qu\u2019il y en avait trois fois plus que l\u2019ann\u00e9e pr\u00e9c\u00e9dente.<\/p>\n<p>Entre janvier et juillet 2017, 7.642 migrants sont arriv\u00e9s en Espagne par la voie maritime, contre 2.763 sur la m\u00eame p\u00e9riode en 2016, selon les garde-c\u00f4tes.<\/p>\n<p>Selon l\u2019Organisation internationale pour les migrations (OIM), au 11 ao\u00fbt, ce chiffre \u00e9tait mont\u00e9 \u00e0 8.385 migrants et depuis le d\u00e9but de l\u2019ann\u00e9e, au moins 121 personnes sont mortes noy\u00e9es en tentant de gagner l\u2019Espagne, contre 128 sur toute l\u2019ann\u00e9e 2016.<\/p>\n<p>Ces chiffres restent loin de ceux de l\u2019Italie, o\u00f9 plus de 97.300 migrants ont d\u00e9barqu\u00e9 depuis le d\u00e9but de l\u2019ann\u00e9e. Mais l\u2019OIM estime que l\u2019Espagne pourrait d\u00e9passer cette ann\u00e9e la Gr\u00e8ce en arriv\u00e9es de migrants par mer, derri\u00e8re l\u2019Italie.<\/p>\n<p>Aux arriv\u00e9es par la mer s\u2019ajoutent les migrants, de plus en plus nombreux, qui parviennent \u00e0 p\u00e9n\u00e9trer \u00e0 Ceuta et Melilla, deux villes sous administration espagnole au nord du Maroc et seules fronti\u00e8res terrestres de l\u2019Union europ\u00e9enne avec l\u2019Afrique.<\/p>\n<p>AFP<\/p>\n<p>&nbsp;<\/p>\n<p>&nbsp;<\/p>\n","protected":false},"excerpt":{"rendered":"<p>Les services de sauvetage espagnols ont annonc\u00e9 mercredi avoir secouru pr\u00e8s de 600 personnes \u00e0 bord de 15 embarcations et d\u2019un scooter des mers, entre le Maroc de l\u2019Espagne, une route de plus en plus emprunt\u00e9e par les migrants. \u00ab\u00a0Quelque 599 personnes ont \u00e9t\u00e9 secourues dans les eaux du d\u00e9troit de Gibraltar et la mer [&hellip;]<\/p>\n","protected":false},"author":2,"featured_media":1344,"comment_status":"closed","ping_status":"closed","sticky":false,"template":"","format":"standard","meta":{"footnotes":""},"categories":[58],"tags":[],"class_list":{"0":"post-1302","1":"post","2":"type-post","3":"status-publish","4":"format-standard","5":"has-post-thumbnail","7":"category-societe"},"_links":{"self":[{"href":"https:\/\/conakrynews.org\/index.php\/wp-json\/wp\/v2\/posts\/1302","targetHints":{"allow":["GET"]}}],"collection":[{"href":"https:\/\/conakrynews.org\/index.php\/wp-json\/wp\/v2\/posts"}],"about":[{"href":"https:\/\/conakrynews.org\/index.php\/wp-json\/wp\/v2\/types\/post"}],"author":[{"embeddable":true,"href":"https:\/\/conakrynews.org\/index.php\/wp-json\/wp\/v2\/users\/2"}],"replies":[{"embeddable":true,"href":"https:\/\/conakrynews.org\/index.php\/wp-json\/wp\/v2\/comments?post=1302"}],"version-history":[{"count":0,"href":"https:\/\/conakrynews.org\/index.php\/wp-json\/wp\/v2\/posts\/1302\/revisions"}],"wp:featuredmedia":[{"embeddable":true,"href":"https:\/\/conakrynews.org\/index.php\/wp-json\/wp\/v2\/media\/1344"}],"wp:attachment":[{"href":"https:\/\/conakrynews.org\/index.php\/wp-json\/wp\/v2\/media?parent=1302"}],"wp:term":[{"taxonomy":"category","embeddable":true,"href":"https:\/\/conakrynews.org\/index.php\/wp-json\/wp\/v2\/categories?post=1302"},{"taxonomy":"post_tag","embeddable":true,"href":"https:\/\/conakrynews.org\/index.php\/wp-json\/wp\/v2\/tags?post=1302"}],"curies":[{"name":"wp","href":"https:\/\/api.w.org\/{rel}","templated":true}]}}