{"id":13171,"date":"2022-05-26T21:15:00","date_gmt":"2022-05-26T21:15:00","guid":{"rendered":"https:\/\/conakrynews.org\/?p=13171"},"modified":"2022-05-26T21:18:27","modified_gmt":"2022-05-26T21:18:27","slug":"affaire-air-guinee-cellou-dalein-diallo-convoque-a-la-crief-le-13-juin-prochain","status":"publish","type":"post","link":"https:\/\/conakrynews.org\/index.php\/affaire-air-guinee-cellou-dalein-diallo-convoque-a-la-crief-le-13-juin-prochain\/","title":{"rendered":"Affaire Air Guin\u00e9e: Cellou Dalein Diallo convoqu\u00e9 \u00e0 la CRIEF le 13 juin prochain"},"content":{"rendered":"<p>Le pr\u00e9sident du parti de l\u2019UFDG,Cellou Dalein Diallo est finalement convoqu\u00e9 \u00e0 la CRIEF le lundi 13 juin 2022, a-t-on appris de source concordante.<\/p>\n<p>Selon les informations, il (Cellou Dalein Diallo) est convoqu\u00e9 pour des faits pr\u00e9sum\u00e9s de d\u00e9tournement de deniers publics, corruption d\u2019agents publics et enrichissement illicite dans l\u2019affaire Air Guin\u00e9e.<\/p>\n<p>C\u2019est autour de l\u2019affaire Air Guin\u00e9e que le leader de l\u2019UFDG doit s\u2019expliquer devant la CRIEF le 13 juin prochain.<\/p>\n<p>Guineequotidien.com<\/p>\n","protected":false},"excerpt":{"rendered":"<p>Le pr\u00e9sident du parti de l\u2019UFDG,Cellou Dalein Diallo est finalement convoqu\u00e9 \u00e0 la CRIEF le lundi 13 juin 2022, a-t-on appris de source concordante. Selon les informations, il (Cellou Dalein Diallo) est convoqu\u00e9 pour des faits pr\u00e9sum\u00e9s de d\u00e9tournement de deniers publics, corruption d\u2019agents publics et enrichissement illicite dans l\u2019affaire Air Guin\u00e9e. C\u2019est autour de [&hellip;]<\/p>\n","protected":false},"author":2,"featured_media":13174,"comment_status":"closed","ping_status":"closed","sticky":false,"template":"","format":"standard","meta":{"footnotes":""},"categories":[58],"tags":[],"class_list":{"0":"post-13171","1":"post","2":"type-post","3":"status-publish","4":"format-standard","5":"has-post-thumbnail","7":"category-societe"},"_links":{"self":[{"href":"https:\/\/conakrynews.org\/index.php\/wp-json\/wp\/v2\/posts\/13171","targetHints":{"allow":["GET"]}}],"collection":[{"href":"https:\/\/conakrynews.org\/index.php\/wp-json\/wp\/v2\/posts"}],"about":[{"href":"https:\/\/conakrynews.org\/index.php\/wp-json\/wp\/v2\/types\/post"}],"author":[{"embeddable":true,"href":"https:\/\/conakrynews.org\/index.php\/wp-json\/wp\/v2\/users\/2"}],"replies":[{"embeddable":true,"href":"https:\/\/conakrynews.org\/index.php\/wp-json\/wp\/v2\/comments?post=13171"}],"version-history":[{"count":0,"href":"https:\/\/conakrynews.org\/index.php\/wp-json\/wp\/v2\/posts\/13171\/revisions"}],"wp:featuredmedia":[{"embeddable":true,"href":"https:\/\/conakrynews.org\/index.php\/wp-json\/wp\/v2\/media\/13174"}],"wp:attachment":[{"href":"https:\/\/conakrynews.org\/index.php\/wp-json\/wp\/v2\/media?parent=13171"}],"wp:term":[{"taxonomy":"category","embeddable":true,"href":"https:\/\/conakrynews.org\/index.php\/wp-json\/wp\/v2\/categories?post=13171"},{"taxonomy":"post_tag","embeddable":true,"href":"https:\/\/conakrynews.org\/index.php\/wp-json\/wp\/v2\/tags?post=13171"}],"curies":[{"name":"wp","href":"https:\/\/api.w.org\/{rel}","templated":true}]}}