{"id":13179,"date":"2022-05-27T08:44:45","date_gmt":"2022-05-27T08:44:45","guid":{"rendered":"https:\/\/conakrynews.org\/?p=13179"},"modified":"2022-05-27T08:44:45","modified_gmt":"2022-05-27T08:44:45","slug":"guinee-forestiere-tenue-du-tout-premier-conseil-des-ministres-delocalise-a-linterieur-du-pays","status":"publish","type":"post","link":"https:\/\/conakrynews.org\/index.php\/guinee-forestiere-tenue-du-tout-premier-conseil-des-ministres-delocalise-a-linterieur-du-pays\/","title":{"rendered":"Guin\u00e9e foresti\u00e8re: Tenue du tout premier Conseil des ministres d\u00e9localis\u00e9 \u00e0 l\u2019int\u00e9rieur du pays"},"content":{"rendered":"<p>\ud835\uddd6\ud835\uddf2 \ud835\uddf7\ud835\uddf2\ud835\ude02\ud835\uddf1\ud835\uddf6 \ud835\udfee\ud835\udff2 \ud835\uddfa\ud835\uddee\ud835\uddf6 \ud835\udfee\ud835\udfec\ud835\udfee\ud835\udfee, \ud835\ude00\u2019\ud835\uddf2\ud835\ude00\ud835\ude01 \ud835\ude01\ud835\uddf2\ud835\uddfb\ud835\ude02, \ud835\uddfd\ud835\uddee\ud835\uddff \ud835\ude03\ud835\uddf6\ud835\ude00\ud835\uddf6\ud835\uddfc\ud835\uddf0\ud835\uddfc\ud835\uddfb\ud835\uddf3\ud835\uddf2\u0301\ud835\uddff\ud835\uddf2\ud835\uddfb\ud835\uddf0\ud835\uddf2, \ud835\uddf9\ud835\uddf2 \ud835\uddd6\ud835\uddfc\ud835\uddfb\ud835\ude00\ud835\uddf2\ud835\uddf6\ud835\uddf9 \ud835\uddfc\ud835\uddff\ud835\uddf1\ud835\uddf6\ud835\uddfb\ud835\uddee\ud835\uddf6\ud835\uddff\ud835\uddf2 \ud835\uddf1\ud835\uddf2\ud835\ude00 \ud835\udde0\ud835\uddf6\ud835\uddfb\ud835\uddf6\ud835\ude00\ud835\ude01\ud835\uddff\ud835\uddf2\ud835\ude00, \ud835\ude00\ud835\uddfc\ud835\ude02\ud835\ude00 \ud835\uddf9\ud835\uddee \ud835\udde3\ud835\uddff\ud835\uddf2\u0301\ud835\ude00\ud835\uddf6\ud835\uddf1\ud835\uddf2\ud835\uddfb\ud835\uddf0\ud835\uddf2 \ud835\uddf1\ud835\uddf2 \ud835\udde6\ud835\uddfc\ud835\uddfb \ud835\uddd8\ud835\ude05\ud835\uddf0\ud835\uddf2\ud835\uddf9\ud835\uddf9\ud835\uddf2\ud835\uddfb\ud835\uddf0\ud835\uddf2 \ud835\uddd6\ud835\uddfc\ud835\uddf9\ud835\uddfc\ud835\uddfb\ud835\uddf2\ud835\uddf9 \ud835\udde0\ud835\uddee\ud835\uddfa\ud835\uddee\ud835\uddf1\ud835\uddf6 \ud835\uddd7\ud835\udde2\ud835\udde8\ud835\udde0\ud835\uddd5\ud835\udde2\ud835\udde8\ud835\uddec\ud835\uddd4, \ud835\udde3\ud835\uddff\ud835\uddf2\u0301\ud835\ude00\ud835\uddf6\ud835\uddf1\ud835\uddf2\ud835\uddfb\ud835\ude01 \ud835\uddf1\ud835\uddf2 \ud835\uddf9\ud835\uddee \ud835\udde7\ud835\uddff\ud835\uddee\ud835\uddfb\ud835\ude00\ud835\uddf6\ud835\ude01\ud835\uddf6\ud835\uddfc\ud835\uddfb, \ud835\udde3\ud835\uddff\ud835\uddf2\u0301\ud835\ude00\ud835\uddf6\ud835\uddf1\ud835\uddf2\ud835\uddfb\ud835\ude01 \ud835\uddf1\ud835\ude02 \ud835\uddd6\ud835\udde1\ud835\udde5\ud835\uddd7, \ud835\uddd6\ud835\uddf5\ud835\uddf2\ud835\uddf3 \ud835\uddf1\ud835\uddf2 \ud835\uddf9\u2019\ud835\uddd8\ud835\ude01\ud835\uddee\ud835\ude01, \ud835\uddd6\ud835\uddf5\ud835\uddf2\ud835\uddf3 \ud835\udde6\ud835\ude02\ud835\uddfd\ud835\uddff\ud835\uddf2\u0302\ud835\uddfa\ud835\uddf2 \ud835\uddf1\ud835\uddf2\ud835\ude00 \ud835\uddd4\ud835\uddff\ud835\uddfa\ud835\uddf2\u0301\ud835\uddf2\ud835\ude00.<\/p>\n<p>La ville de N\u2019Z\u00e9r\u00e9kor\u00e9, capitale de la Guin\u00e9e foresti\u00e8re, a abrit\u00e9 ce tout premier Conseil des ministres d\u00e9localis\u00e9 \u00e0 l\u2019int\u00e9rieur du pays. Plac\u00e9 sous la pr\u00e9sidence du Chef de l\u2019Etat, S.E.M Colonel Mamadi Doumbouya, le Conseil a enregistr\u00e9 la pr\u00e9sence du Premier ministre, Mohamed B\u00e9avogui et l\u2019ensemble des membres du Gouvernement, tous \u00e0 pied d\u2019\u0153uvre dans le cadre d\u2019une immersion aupr\u00e8s des populations \u00e0 l\u2019int\u00e9rieur du pays.<\/p>\n<p>Du Palais Mohammed V, le Chef de l\u2019Etat, a \u00e9chang\u00e9 avec le Gouvernement, en compagnie du Ministre Secr\u00e9taire G\u00e9n\u00e9ral \u00e0 la Pr\u00e9sidence, du Ministre Directeur de Cabinet, du Ministre Secr\u00e9taire G\u00e9n\u00e9ral du Gouvernement, du Secr\u00e9taire G\u00e9n\u00e9ral des Affaires religieuses et du Gouverneur de la Banque Centrale.<\/p>\n<p>\ud835\uddd7\ud835\uddd6\ud835\udddc-\ud835\udde3\ud835\udde5\ud835\uddda<\/p>\n","protected":false},"excerpt":{"rendered":"<p>\ud835\uddd6\ud835\uddf2 \ud835\uddf7\ud835\uddf2\ud835\ude02\ud835\uddf1\ud835\uddf6 \ud835\udfee\ud835\udff2 \ud835\uddfa\ud835\uddee\ud835\uddf6 \ud835\udfee\ud835\udfec\ud835\udfee\ud835\udfee, \ud835\ude00\u2019\ud835\uddf2\ud835\ude00\ud835\ude01 \ud835\ude01\ud835\uddf2\ud835\uddfb\ud835\ude02, \ud835\uddfd\ud835\uddee\ud835\uddff \ud835\ude03\ud835\uddf6\ud835\ude00\ud835\uddf6\ud835\uddfc\ud835\uddf0\ud835\uddfc\ud835\uddfb\ud835\uddf3\ud835\uddf2\u0301\ud835\uddff\ud835\uddf2\ud835\uddfb\ud835\uddf0\ud835\uddf2, \ud835\uddf9\ud835\uddf2 \ud835\uddd6\ud835\uddfc\ud835\uddfb\ud835\ude00\ud835\uddf2\ud835\uddf6\ud835\uddf9 \ud835\uddfc\ud835\uddff\ud835\uddf1\ud835\uddf6\ud835\uddfb\ud835\uddee\ud835\uddf6\ud835\uddff\ud835\uddf2 \ud835\uddf1\ud835\uddf2\ud835\ude00 \ud835\udde0\ud835\uddf6\ud835\uddfb\ud835\uddf6\ud835\ude00\ud835\ude01\ud835\uddff\ud835\uddf2\ud835\ude00, \ud835\ude00\ud835\uddfc\ud835\ude02\ud835\ude00 \ud835\uddf9\ud835\uddee \ud835\udde3\ud835\uddff\ud835\uddf2\u0301\ud835\ude00\ud835\uddf6\ud835\uddf1\ud835\uddf2\ud835\uddfb\ud835\uddf0\ud835\uddf2 \ud835\uddf1\ud835\uddf2 \ud835\udde6\ud835\uddfc\ud835\uddfb \ud835\uddd8\ud835\ude05\ud835\uddf0\ud835\uddf2\ud835\uddf9\ud835\uddf9\ud835\uddf2\ud835\uddfb\ud835\uddf0\ud835\uddf2 \ud835\uddd6\ud835\uddfc\ud835\uddf9\ud835\uddfc\ud835\uddfb\ud835\uddf2\ud835\uddf9 \ud835\udde0\ud835\uddee\ud835\uddfa\ud835\uddee\ud835\uddf1\ud835\uddf6 \ud835\uddd7\ud835\udde2\ud835\udde8\ud835\udde0\ud835\uddd5\ud835\udde2\ud835\udde8\ud835\uddec\ud835\uddd4, \ud835\udde3\ud835\uddff\ud835\uddf2\u0301\ud835\ude00\ud835\uddf6\ud835\uddf1\ud835\uddf2\ud835\uddfb\ud835\ude01 \ud835\uddf1\ud835\uddf2 \ud835\uddf9\ud835\uddee \ud835\udde7\ud835\uddff\ud835\uddee\ud835\uddfb\ud835\ude00\ud835\uddf6\ud835\ude01\ud835\uddf6\ud835\uddfc\ud835\uddfb, \ud835\udde3\ud835\uddff\ud835\uddf2\u0301\ud835\ude00\ud835\uddf6\ud835\uddf1\ud835\uddf2\ud835\uddfb\ud835\ude01 \ud835\uddf1\ud835\ude02 \ud835\uddd6\ud835\udde1\ud835\udde5\ud835\uddd7, \ud835\uddd6\ud835\uddf5\ud835\uddf2\ud835\uddf3 \ud835\uddf1\ud835\uddf2 \ud835\uddf9\u2019\ud835\uddd8\ud835\ude01\ud835\uddee\ud835\ude01, \ud835\uddd6\ud835\uddf5\ud835\uddf2\ud835\uddf3 \ud835\udde6\ud835\ude02\ud835\uddfd\ud835\uddff\ud835\uddf2\u0302\ud835\uddfa\ud835\uddf2 \ud835\uddf1\ud835\uddf2\ud835\ude00 \ud835\uddd4\ud835\uddff\ud835\uddfa\ud835\uddf2\u0301\ud835\uddf2\ud835\ude00. La ville de N\u2019Z\u00e9r\u00e9kor\u00e9, capitale de la Guin\u00e9e foresti\u00e8re, a abrit\u00e9 ce tout premier Conseil des ministres d\u00e9localis\u00e9 [&hellip;]<\/p>\n","protected":false},"author":2,"featured_media":13180,"comment_status":"closed","ping_status":"closed","sticky":false,"template":"","format":"standard","meta":{"footnotes":""},"categories":[57],"tags":[],"class_list":{"0":"post-13179","1":"post","2":"type-post","3":"status-publish","4":"format-standard","5":"has-post-thumbnail","7":"category-politique"},"_links":{"self":[{"href":"https:\/\/conakrynews.org\/index.php\/wp-json\/wp\/v2\/posts\/13179","targetHints":{"allow":["GET"]}}],"collection":[{"href":"https:\/\/conakrynews.org\/index.php\/wp-json\/wp\/v2\/posts"}],"about":[{"href":"https:\/\/conakrynews.org\/index.php\/wp-json\/wp\/v2\/types\/post"}],"author":[{"embeddable":true,"href":"https:\/\/conakrynews.org\/index.php\/wp-json\/wp\/v2\/users\/2"}],"replies":[{"embeddable":true,"href":"https:\/\/conakrynews.org\/index.php\/wp-json\/wp\/v2\/comments?post=13179"}],"version-history":[{"count":0,"href":"https:\/\/conakrynews.org\/index.php\/wp-json\/wp\/v2\/posts\/13179\/revisions"}],"wp:featuredmedia":[{"embeddable":true,"href":"https:\/\/conakrynews.org\/index.php\/wp-json\/wp\/v2\/media\/13180"}],"wp:attachment":[{"href":"https:\/\/conakrynews.org\/index.php\/wp-json\/wp\/v2\/media?parent=13179"}],"wp:term":[{"taxonomy":"category","embeddable":true,"href":"https:\/\/conakrynews.org\/index.php\/wp-json\/wp\/v2\/categories?post=13179"},{"taxonomy":"post_tag","embeddable":true,"href":"https:\/\/conakrynews.org\/index.php\/wp-json\/wp\/v2\/tags?post=13179"}],"curies":[{"name":"wp","href":"https:\/\/api.w.org\/{rel}","templated":true}]}}