{"id":13197,"date":"2022-05-29T10:08:53","date_gmt":"2022-05-29T10:08:53","guid":{"rendered":"https:\/\/conakrynews.org\/?p=13197"},"modified":"2022-05-29T10:08:53","modified_gmt":"2022-05-29T10:08:53","slug":"etape-guinee-forestiere-le-premier-ministre-mohamed-beavogui-dresse-un-premier-constat","status":"publish","type":"post","link":"https:\/\/conakrynews.org\/index.php\/etape-guinee-forestiere-le-premier-ministre-mohamed-beavogui-dresse-un-premier-constat\/","title":{"rendered":"\u00c9tape Guin\u00e9e foresti\u00e8re: le premier ministre Mohamed B\u00e9avogui dresse un premier constat"},"content":{"rendered":"<p>Face \u00e0 un parterre de journalistes des m\u00e9dias locaux, des membres de la Direction de la communication de la Pr\u00e9sidence et du gouvernement, le Premier ministre Mohamed B\u00e9avogui accompagn\u00e9 de quelques membres du gouvernement a dress\u00e9 un chapelet de constats mais il a surtout d\u00e9peint une mission d\u2019\u00e9tape qui met en lumi\u00e8re les d\u00e9fis de d\u00e9veloppement de la Guin\u00e9e Foresti\u00e8re.<\/p>\n<p>Lui et ses coll\u00e8gues du gouvernement ont affront\u00e9 ces routes &lt;&gt; qui relient nombre de pr\u00e9fectures en zones rurales pour aller aux contact des populations qui manquent de tout ou presque. Qu\u2019il s\u2019agisse des infrastructures, scolaires, sanitaires, de jeunesse ou administratives. La r\u00e9gion de N\u2019Z\u00e9r\u00e9kor\u00e9 qui tarde \u00e0 amorcer son d\u00e9veloppement est pourtant l\u2019un des poumons \u00e9conomiques de la Guin\u00e9e, peut-on constater.<\/p>\n<p>Entre autres freins \u00e0 ce d\u00e9veloppement, son acc\u00e8s par la voie routi\u00e8re qui rel\u00e8ve encore d\u2019un parcours du combattant. \u00c0 Yomou par exemple, Mohamed B\u00e9avogui s\u2019est rendu dans une pr\u00e9fecture qui caresse le r\u00eave de voir sa route nationale rev\u00eatir sa premi\u00e8re couche de bitume. C\u2019est un des symboles du manque \u00e0 gagner perceptible \u00e0 tous les niveaux en Guin\u00e9e Foresti\u00e8re.<\/p>\n<p>Pour rectifier le tir dans un processus qui s\u2019av\u00e8rera encore long, Mohamed B\u00e9avogui appelle \u00e0 une prise de conscience collective, \u00e0 l\u2019unit\u00e9 et la solidarit\u00e9 entre les Guin\u00e9ens, ayant la ferme conviction que la paix est l\u2019un des leviers du d\u00e9veloppement.<\/p>\n<p>Quelques rares infrastructures de premier plan comme la centrale pour l\u2019interconnexion \u00e9lectrique de la Guin\u00e9e, la Sierra Leone, le Lib\u00e9ria et la C\u00f4te d\u2019Ivoire ainsi que le projet avanc\u00e9 du backbone national laissent esp\u00e9rer de meilleurs lendemains pour la r\u00e9gion et N\u2019Z\u00e9r\u00e9kor\u00e9 en particulier qui se dote de sa premi\u00e8re maison de la presse.<\/p>\n<p>Le Premier ministre, en r\u00e9it\u00e9rant tout l\u2019engagement du gouvernement de transition \u00e0 se pencher sur les vrais d\u00e9fis de d\u00e9veloppement du pays, a surtout invit\u00e9 la presse \u00e0 jouer pleinement sa partition dans cette voie en toute responsabilit\u00e9. \u00c0 N\u2019Z\u00e9r\u00e9kor\u00e9 c\u2019est un point de presse d\u2019\u00e9tape qui s\u2019ach\u00e8ve pour laisser place \u00e0 la suite du marathon pour l\u2019immersion gouvernementale dans la Guin\u00e9e profonde.<\/p>\n<p>Avec CCG<\/p>\n","protected":false},"excerpt":{"rendered":"<p>Face \u00e0 un parterre de journalistes des m\u00e9dias locaux, des membres de la Direction de la communication de la Pr\u00e9sidence et du gouvernement, le Premier ministre Mohamed B\u00e9avogui accompagn\u00e9 de quelques membres du gouvernement a dress\u00e9 un chapelet de constats mais il a surtout d\u00e9peint une mission d\u2019\u00e9tape qui met en lumi\u00e8re les d\u00e9fis de [&hellip;]<\/p>\n","protected":false},"author":2,"featured_media":13198,"comment_status":"closed","ping_status":"closed","sticky":false,"template":"","format":"standard","meta":{"footnotes":""},"categories":[57],"tags":[],"class_list":{"0":"post-13197","1":"post","2":"type-post","3":"status-publish","4":"format-standard","5":"has-post-thumbnail","7":"category-politique"},"_links":{"self":[{"href":"https:\/\/conakrynews.org\/index.php\/wp-json\/wp\/v2\/posts\/13197","targetHints":{"allow":["GET"]}}],"collection":[{"href":"https:\/\/conakrynews.org\/index.php\/wp-json\/wp\/v2\/posts"}],"about":[{"href":"https:\/\/conakrynews.org\/index.php\/wp-json\/wp\/v2\/types\/post"}],"author":[{"embeddable":true,"href":"https:\/\/conakrynews.org\/index.php\/wp-json\/wp\/v2\/users\/2"}],"replies":[{"embeddable":true,"href":"https:\/\/conakrynews.org\/index.php\/wp-json\/wp\/v2\/comments?post=13197"}],"version-history":[{"count":0,"href":"https:\/\/conakrynews.org\/index.php\/wp-json\/wp\/v2\/posts\/13197\/revisions"}],"wp:featuredmedia":[{"embeddable":true,"href":"https:\/\/conakrynews.org\/index.php\/wp-json\/wp\/v2\/media\/13198"}],"wp:attachment":[{"href":"https:\/\/conakrynews.org\/index.php\/wp-json\/wp\/v2\/media?parent=13197"}],"wp:term":[{"taxonomy":"category","embeddable":true,"href":"https:\/\/conakrynews.org\/index.php\/wp-json\/wp\/v2\/categories?post=13197"},{"taxonomy":"post_tag","embeddable":true,"href":"https:\/\/conakrynews.org\/index.php\/wp-json\/wp\/v2\/tags?post=13197"}],"curies":[{"name":"wp","href":"https:\/\/api.w.org\/{rel}","templated":true}]}}