{"id":13200,"date":"2022-05-29T10:12:15","date_gmt":"2022-05-29T10:12:15","guid":{"rendered":"https:\/\/conakrynews.org\/?p=13200"},"modified":"2022-05-29T10:12:15","modified_gmt":"2022-05-29T10:12:15","slug":"guinee-ustg-version-abdoulaye-sow-celebre-en-differe-la-fete-du-1er-mai","status":"publish","type":"post","link":"https:\/\/conakrynews.org\/index.php\/guinee-ustg-version-abdoulaye-sow-celebre-en-differe-la-fete-du-1er-mai\/","title":{"rendered":"Guin\u00e9e: USTG version Abdoulaye Sow c\u00e9l\u00e8bre en diff\u00e9r\u00e9 la f\u00eate du 1er Mai"},"content":{"rendered":"<p>Les membres travailleurs de l\u2019Union syndicale des travailleurs de Guin\u00e9e, USTG ont c\u00e9l\u00e9br\u00e9 en diff\u00e9r\u00e9 le 1er Mai\/Journ\u00e9e internationale des travailleurs. C\u2019est la salle des Congr\u00e8s du palais du peuple de la ville de Conakry qui a servi de cadre, ce samedi 28 mai 2022. <\/p>\n<p>Dans son discours de circonstances, le secr\u00e9taire g\u00e9n\u00e9ral de l\u2019USTG, Abdoulaye Sow a rappel\u00e9 que cela fait 136 ans, quand 300 travailleurs et travailleuses Am\u00e9ricains ont manifest\u00e9 pour protester contre l\u2019asservissement, les traitements d\u00e9gradants et l\u2019injustice  dont sont victimes les travailleurs. \u00ab C\u2019est un \u00e9v\u00e9nement qui est c\u00e9l\u00e9br\u00e9 pour parler de leur quotidien et faire des propositions pour une am\u00e9lioration des conditions de vie et de travail des employers \u00bb, a rappel\u00e9 Abdoulaye Sow.<br \/>\nPour lui, cette ann\u00e9e encore l\u2019unit\u00e9 d\u2019action syndicale a choisi de porter ses efforts sur ce th\u00e8me protection du travail et du travail d\u00e9cent.<br \/>\nPrenant la parole \u00e0 son tour le Secr\u00e9taire g\u00e9n\u00e9ral du Syndicat ind\u00e9pendant des forces ouvri\u00e8res de Guin\u00e9e, Sifog, Idrissa  Diawora de livrer le contenu du manifeste de l\u2019USTG :<br \/>\n1-La cr\u00e9ation du tribunal administratif permettant  aux travailleurs de la fonction publique d\u2019avoir des voies de recours en qu\u2019\u00e0 d\u2019injustice;<br \/>\n2-La cr\u00e9ation de la Commission nationale de gestion de carri\u00e8res, de formations et de perfectionnement de la fonction publique;<br \/>\n3- La cr\u00e9ation de la Commission nationale des contrats de la fonction publique;<br \/>\n4- La  Cr\u00e9ation du Conseil sup\u00e9rieur de la fonction publique;<br \/>\n5- La cr\u00e9ation  du Conseil sup\u00e9rieur du Conseil national de la fonction publique;<br \/>\n6- L\u2019application de la loi: l 00 27;<br \/>\n7- L\u2019arr\u00eat  des licenciements abusifs dans les entreprises et soci\u00e9t\u00e9s en violation flagrante des textes r\u00e9gissant  les relations;<br \/>\n8-Le d\u00e9plafonnement de la pension de retraite \u00e0 la Caisse nationale de s\u00e9curit\u00e9 sociale et le paiement  de ceci mensuellement;<br \/>\n9-L\u2019arr\u00eat imm\u00e9diat des tracasseries polici\u00e8res et autres corps de s\u00e9curit\u00e9 sur les axes routiers;<br \/>\n10-La revalorisation des pensions de la fonction publique pour assurer la survie des retrait\u00e9s;<br \/>\n11- La relance des activit\u00e9s de la Sotelgui;<br \/>\n12- L\u2019adoption d\u2019une politique d\u2019emplois de  l\u2019insertion des jeunes pour lutter contre l\u2019exode rurale et la migration irr\u00e9guli\u00e8re;<br \/>\n13-La r\u00e9vision du code de travail qui ne s\u2019adapte plus \u00e0 certaines r\u00e9alit\u00e9s du moment;<br \/>\n14-L\u2019organisation des \u00e9lections sociales afin de d\u00e9terminer la repr\u00e9sentativit\u00e9 des centrales syndicales;<br \/>\n15- La r\u00e9vue \u00e0 la hausse du pouvoir d\u2019achat du travailleur;<br \/>\n16-Au Gouvernement d\u2019ouvrir sans d\u00e9lais les n\u00e9gociations avec l\u2019Inter-syndical de l\u2019\u00e9ducation au tour des diff\u00e9rents points de revendications dont la non prise en compte a fait objet de la derni\u00e8re gr\u00e8ve dans le secteur de l\u2019\u00e9ducation.<br \/>\nCl\u00f4turant la c\u00e9r\u00e9monie, la repr\u00e9sentante du Gouvernement, la Conseill\u00e8re charg\u00e9e des questions de Travail, de l\u2019Emploi et des Lois Sociales,  Madame Nansira Sanguiana Camara, a appel\u00e9 au monde du travail \u00e0 plus d\u2019union et franche collaboration avec les autorit\u00e9s actuelles pour la construction d\u2019une Guin\u00e9e nouvelle.<\/p>\n<p>Guineequotidien.com<\/p>\n","protected":false},"excerpt":{"rendered":"<p>Les membres travailleurs de l\u2019Union syndicale des travailleurs de Guin\u00e9e, USTG ont c\u00e9l\u00e9br\u00e9 en diff\u00e9r\u00e9 le 1er Mai\/Journ\u00e9e internationale des travailleurs. C\u2019est la salle des Congr\u00e8s du palais du peuple de la ville de Conakry qui a servi de cadre, ce samedi 28 mai 2022. Dans son discours de circonstances, le secr\u00e9taire g\u00e9n\u00e9ral de l\u2019USTG, [&hellip;]<\/p>\n","protected":false},"author":2,"featured_media":13201,"comment_status":"closed","ping_status":"closed","sticky":false,"template":"","format":"standard","meta":{"footnotes":""},"categories":[58],"tags":[],"class_list":{"0":"post-13200","1":"post","2":"type-post","3":"status-publish","4":"format-standard","5":"has-post-thumbnail","7":"category-societe"},"_links":{"self":[{"href":"https:\/\/conakrynews.org\/index.php\/wp-json\/wp\/v2\/posts\/13200","targetHints":{"allow":["GET"]}}],"collection":[{"href":"https:\/\/conakrynews.org\/index.php\/wp-json\/wp\/v2\/posts"}],"about":[{"href":"https:\/\/conakrynews.org\/index.php\/wp-json\/wp\/v2\/types\/post"}],"author":[{"embeddable":true,"href":"https:\/\/conakrynews.org\/index.php\/wp-json\/wp\/v2\/users\/2"}],"replies":[{"embeddable":true,"href":"https:\/\/conakrynews.org\/index.php\/wp-json\/wp\/v2\/comments?post=13200"}],"version-history":[{"count":0,"href":"https:\/\/conakrynews.org\/index.php\/wp-json\/wp\/v2\/posts\/13200\/revisions"}],"wp:featuredmedia":[{"embeddable":true,"href":"https:\/\/conakrynews.org\/index.php\/wp-json\/wp\/v2\/media\/13201"}],"wp:attachment":[{"href":"https:\/\/conakrynews.org\/index.php\/wp-json\/wp\/v2\/media?parent=13200"}],"wp:term":[{"taxonomy":"category","embeddable":true,"href":"https:\/\/conakrynews.org\/index.php\/wp-json\/wp\/v2\/categories?post=13200"},{"taxonomy":"post_tag","embeddable":true,"href":"https:\/\/conakrynews.org\/index.php\/wp-json\/wp\/v2\/tags?post=13200"}],"curies":[{"name":"wp","href":"https:\/\/api.w.org\/{rel}","templated":true}]}}