{"id":13211,"date":"2022-05-30T14:04:43","date_gmt":"2022-05-30T14:04:43","guid":{"rendered":"https:\/\/conakrynews.org\/?p=13211"},"modified":"2022-05-30T14:04:43","modified_gmt":"2022-05-30T14:04:43","slug":"sommet-de-lua-les-chefs-detats-decident-de-reactiver-des-mecanismes-en-sommeil","status":"publish","type":"post","link":"https:\/\/conakrynews.org\/index.php\/sommet-de-lua-les-chefs-detats-decident-de-reactiver-des-mecanismes-en-sommeil\/","title":{"rendered":"Sommet de l\u2019UA: les chefs d\u2019\u00c9tats d\u00e9cident de r\u00e9activer des m\u00e9canismes en sommeil"},"content":{"rendered":"<p>Le double sommet de l\u2019Union africaine de Malabo s\u2019est termin\u00e9 samedi 28 mai, au soir. Il y a une courte c\u00e9r\u00e9monie de cl\u00f4ture, \u00e0 l\u2019issu du huis-clos des chefs d\u2019\u00c9tats, mais pas l\u2019habituelle lecture de la d\u00e9claration et des d\u00e9cisions prises par des chefs d\u2019\u00c9tat. Ces documents sont parvenus \u00e0 RFI ce 29 mai.<\/p>\n<p>Finalement, aucune mesure spectaculaire n\u2019a \u00e9t\u00e9 annonc\u00e9e, mais il y a une volont\u00e9 de mettre en application de nombreuses mesures prises depuis longtemps et qui n\u2019ont jamais \u00e9t\u00e9 mises en application. Les chefs d\u2019\u00c9tats ont focalis\u00e9 leur attention d\u2019abord sur le terrorisme, devenu aujourd\u2019hui une menace existentielle pour une partie de l\u2019Afrique, et ils se sont voulus r\u00e9alistes.<\/p>\n<p>Malgr\u00e9 plusieurs initiatives sur les plans militaire ou juridique, les chefs d\u2019\u00c9tats ont reconnu que \u00ab le terrorisme a continu\u00e9 \u00e0 prosp\u00e9rer \u00bb sur le continent, \u00ab notamment parce que nous n\u2019honorons pas nos propres engagements \u00bb. C\u2019est ce que d\u00e9clare Moussa Faki, qui donne l\u2019exemple de la Force africaine en attente, qui n\u2019est pas encore fonctionnelle alors qu\u2019elle devait voir le jour il y a 20 ans.<\/p>\n<p>\u00ab Changements anticonstitutionnels de gouvernement \u00bb<br \/>\nLe deuxi\u00e8me sujet de pr\u00e9occupation du Sommet de Malabo, c\u2019est ce que l\u2019UA appelle \u00ab les changements anticonstitutionnels de gouvernement \u00bb, qui se sont multipli\u00e9 ces derniers temps en Afrique de l\u2019Ouest, au Mali, en Guin\u00e9e, au Burkina Faso ou encore au Tchad, au centre de l\u2019Afrique.<\/p>\n<p>Moussa Faki Mahamat n\u2019a pas \u00e9galement h\u00e9sit\u00e9 \u00e0 d\u00e9noncer \u00ab les coups d\u2019\u00c9tat rampants \u00bb que sont \u00ab les modifications de constitutions aux fins de confiscation du pouvoir \u00bb, qui peuvent conduire \u00e0 \u00ab des coups d\u2019\u00c9tat ou \u00e0 des r\u00e9voltes populaires \u00bb.<\/p>\n<p>Nous saluons ces nouveaux engagements, mais nous esp\u00e9rons que ce ne sont pas des vains mots comme par le pass\u00e9, sans une volont\u00e9 r\u00e9elle de les mettre en \u0153uvre. Il n\u2019y a pas tellement de nouveau dans les d\u00e9cisions prises \u00e0 Malabo. Ce qui est nouveau, c\u2019est l\u2019aggravation de la situation sur le terrain et l\u2019effet de contamination que cela peut produire vers les autres pays, notamment les pays de la COS [d\u2019Afrique du Nord] et qui \u00e9taient jusqu\u2019ici \u00e9pargn\u00e9s. Nous esp\u00e9rons qu\u2019eu \u00e9gard de la situation, ces d\u00e9cisions ne soient pas trait\u00e9es comme des d\u00e9cisions d\u2019antan, puisque d\u00e9j\u00e0 nous avions la convention de Lom\u00e9, nous avions la charte pour la d\u00e9mocratie et les droits de l\u2019homme qui existe, mais ce sont des documents qui ne sont pas tr\u00e8s observ\u00e9s. Et malheureusement, nous voyons ces coups d\u2019\u00c9tat revenir dans notre continent.<\/p>\n<p>Sur ces deux sujets importants, le Sommet a d\u00e9cid\u00e9 de r\u00e9activer de nombreux m\u00e9canismes qui existent d\u00e9j\u00e0 sur le papier, mais qui n\u2019ont jamais \u00e9t\u00e9 fonctionnels. Il s\u2019agit par exemple du sous-comit\u00e9 du Conseil paix et s\u00e9curit\u00e9 charg\u00e9 de lutter contre le terrorisme et contre les changements anticonstitutionnels du gouvernement, pourtant pr\u00e9vus tous deux depuis 2010.<\/p>\n<p>Les chefs d\u2019\u00c9tat africains ont endoss\u00e9 la d\u00e9claration d\u2019Accra du 17 mars, qui \u00e9tablit de mani\u00e8re claire un lien entre la mal gouvernance et les coups d\u2019\u00c9tat, \u00ab un bon pas en avant, mais pourvu que \u00e7a ne reste pas lettre morte comme souvent \u00e0 l\u2019UA \u00bb, a comment\u00e9 un cadre de l\u2019organisation.<\/p>\n<p>Enfin, le sommet a appel\u00e9 \u00ab au retrait imm\u00e9diat et inconditionnel des mercenaires \u00e9trangers du continent \u00bb africain. Un clin d\u2019\u0153il sans doute aux paramilitaires russes du groupe Wagner, pr\u00e9sents notamment en Centrafrique et au Mali.<\/p>\n<p>Avec RFI<\/p>\n","protected":false},"excerpt":{"rendered":"<p>Le double sommet de l\u2019Union africaine de Malabo s\u2019est termin\u00e9 samedi 28 mai, au soir. Il y a une courte c\u00e9r\u00e9monie de cl\u00f4ture, \u00e0 l\u2019issu du huis-clos des chefs d\u2019\u00c9tats, mais pas l\u2019habituelle lecture de la d\u00e9claration et des d\u00e9cisions prises par des chefs d\u2019\u00c9tat. Ces documents sont parvenus \u00e0 RFI ce 29 mai. Finalement, [&hellip;]<\/p>\n","protected":false},"author":2,"featured_media":13212,"comment_status":"closed","ping_status":"closed","sticky":false,"template":"","format":"standard","meta":{"footnotes":""},"categories":[58],"tags":[],"class_list":{"0":"post-13211","1":"post","2":"type-post","3":"status-publish","4":"format-standard","5":"has-post-thumbnail","7":"category-societe"},"_links":{"self":[{"href":"https:\/\/conakrynews.org\/index.php\/wp-json\/wp\/v2\/posts\/13211","targetHints":{"allow":["GET"]}}],"collection":[{"href":"https:\/\/conakrynews.org\/index.php\/wp-json\/wp\/v2\/posts"}],"about":[{"href":"https:\/\/conakrynews.org\/index.php\/wp-json\/wp\/v2\/types\/post"}],"author":[{"embeddable":true,"href":"https:\/\/conakrynews.org\/index.php\/wp-json\/wp\/v2\/users\/2"}],"replies":[{"embeddable":true,"href":"https:\/\/conakrynews.org\/index.php\/wp-json\/wp\/v2\/comments?post=13211"}],"version-history":[{"count":0,"href":"https:\/\/conakrynews.org\/index.php\/wp-json\/wp\/v2\/posts\/13211\/revisions"}],"wp:featuredmedia":[{"embeddable":true,"href":"https:\/\/conakrynews.org\/index.php\/wp-json\/wp\/v2\/media\/13212"}],"wp:attachment":[{"href":"https:\/\/conakrynews.org\/index.php\/wp-json\/wp\/v2\/media?parent=13211"}],"wp:term":[{"taxonomy":"category","embeddable":true,"href":"https:\/\/conakrynews.org\/index.php\/wp-json\/wp\/v2\/categories?post=13211"},{"taxonomy":"post_tag","embeddable":true,"href":"https:\/\/conakrynews.org\/index.php\/wp-json\/wp\/v2\/tags?post=13211"}],"curies":[{"name":"wp","href":"https:\/\/api.w.org\/{rel}","templated":true}]}}