{"id":13232,"date":"2022-06-01T10:36:22","date_gmt":"2022-06-01T10:36:22","guid":{"rendered":"https:\/\/conakrynews.org\/?p=13232"},"modified":"2022-06-01T10:36:22","modified_gmt":"2022-06-01T10:36:22","slug":"les-raisons-du-divorce-entre-sadio-mane-et-liverpool","status":"publish","type":"post","link":"https:\/\/conakrynews.org\/index.php\/les-raisons-du-divorce-entre-sadio-mane-et-liverpool\/","title":{"rendered":"Les raisons du divorce entre Sadio Man\u00e9 et Liverpool"},"content":{"rendered":"<p>En fin de contrat avec le club anglais Liverpool en juin 2023, l\u2019international s\u00e9n\u00e9galais Sadio Man\u00e9 souhaiterait quitter son club actuel. En effet, l\u2019attaquant s\u00e9n\u00e9galais aurait m\u00eame pris la d\u00e9cision de partir du club anglais suite \u00e0 la finale de Ligue des Champions que son \u00e9quipe Liverpool a perdue face au Real Madrid (0-1). Mais avant, on voyait un Sadio Man\u00e9 totalement diff\u00e9rent sur le terrain.<\/p>\n<p>Et selon le journaliste de Emedia, le pensionnaire de Liverpool veut partir. \u00ab Cela se sent m\u00eame dans son body langage, ces derniers temps qu\u2019il n\u2019y est pas totalement \u00e9panoui. Je pense que le ressort s\u2019est r\u00e9ellement cass\u00e9 au retour de la CAN. \u00bb, a-t-il r\u00e9v\u00e9l\u00e9.<\/p>\n<p>Babacar Ndaw de poursuivre : \u00ab Sadio n\u2019est pas un joueur qui cherche la lumi\u00e8re ou les honneurs mais il aurait clairement m\u00e9rit\u00e9 un meilleur accueil. Apr\u00e8s, le club dans sa communication a fait croire que c\u2019est lui qui n\u2019en avait pas voulu mais ce n\u2019est pas vraiment ce qui s\u2019est pass\u00e9. Je sais que Liverpool avait, sur demande de Salah, affr\u00e9t\u00e9 un jet pour les r\u00e9cup\u00e9rer \u00e0 Yaound\u00e9 juste apr\u00e8s la finale quelle que soit l\u2019issue, Sadio avait tenu, peu importe le r\u00e9sultat, \u00e0 revenir au S\u00e9n\u00e9gal avant de repartir. A son retour, il me semble qu\u2019on ne lui a pas propos\u00e9 le moindre accueil et au dernier moment, je pense qu\u2019ils ont voulu corriger en lui demandant son avis mais bien s\u00fbr qu\u2019il allait poliment d\u00e9cliner. \u00bb<\/p>\n<p>A l\u2019en croire, \u00ab Apr\u00e8s, beaucoup de m\u00e9dias ont fait croire que c\u2019est lui qui ne voulait pas sous pr\u00e9texte qu\u2019il ne voudrait pas g\u00eaner Salah. Je pense que Sadio a beaucoup de respect pour l\u2019Egyptien mais \u00f1akul fayda (il n\u2019est pas sans ambition, ndlr) pour autant. Et je n\u2019ai pas l\u2019impression que Salah soit aussi g\u00e9n\u00e9reux que lui dans leur relation. Maintenant, \u00e0 chacun sa personnalit\u00e9 \u00bb.<\/p>\n<p>Un Journaliste s\u00e9n\u00e9galais l\u00e2che ses v\u00e9rit\u00e9s : \u00ab Je ne serai m\u00eame pas surpris que Man\u00e9 ne soit pas sur le podium du Ballon d\u2019Or \u00bb<\/p>\n<p>Le journaliste sportif Babacar Ndaw est revenu sur la question du Ballon d\u2019or 2022. Le Patron service des sports du groupe E-Media, Babacar Ndaw ne serai pas surpris Si Sadio Man\u00e9 ne fait pas partie du podium du plus prestigieux sacre individuel du football mondial.<\/p>\n<p>En marge d\u2019une interview, le Journaliste de d\u00e9clarer : \u00ab Apr\u00e8s si on veut rester juste dans l\u2019analyse froide, je pense honn\u00eatement que les jeux \u00e9taient faits bien avant cette histoire de finale et je ne serai m\u00eame pas surpris qu\u2019il (Ndlr : Sadio Man\u00e9) ne soit pas sur le podium par exemple parce qu\u2019il faudra regarder le coll\u00e8ge des votants. Sa grosse performance en Can ne peut \u00eatre valoris\u00e9e que par ceux qui suivent assid\u00fbment cette comp\u00e9tition \u00bb.<\/p>\n<p>Avant d\u2019ajouter : \u00ab il n\u2019y aura que 17 africains au maximum qui vont voter. Parmi eux, certains vont voter Salah, d\u2019autres vont voter pour un autre et ils auront certainement des raisons objectives. Ensuite, il y aura les autres coll\u00e8gues qui vont avoir une moindre sensibilit\u00e9 sur la Can. On ne peut pas le leur reprocher parce que par exemple, moi journaliste s\u00e9n\u00e9galais, je ne regarde pas la coupe d\u2019Asie et si le Cor\u00e9en Son la remportait pendant une grosse saison, ce n\u2019est pas \u00e9vident que \u00e7a puisse influer sur mon choix si je devais voter. C\u2019est humain. \u00bb<\/p>\n<p>De l\u2019avis du Journaliste, , \u00bbEn ne remportant ni la Premier League ni la Ligue des Champions, qui sont les comp\u00e9titions les plus m\u00e9diatis\u00e9es, et en n\u2019ayant pas tout un appareil m\u00e9diatique et d\u2019influence autour de lui, il faudrait se faire \u00e0 l\u2019\u00e9vidence qu\u2019il n\u2019aurait, m\u00eame si Liverpool remportait la finale, pas battu Benzema au vote, et aujourd\u2019hui d\u2019autant moins que le Fran\u00e7ais a quand m\u00eame r\u00e9alis\u00e9 une saison stratosph\u00e9rique et fait certainement l\u2019unanimit\u00e9 autour de son statut d\u2019actuel meilleur joueur du monde sur cette saison \u00bb.<\/p>\n<p>Seneposte.com<\/p>\n","protected":false},"excerpt":{"rendered":"<p>En fin de contrat avec le club anglais Liverpool en juin 2023, l\u2019international s\u00e9n\u00e9galais Sadio Man\u00e9 souhaiterait quitter son club actuel. En effet, l\u2019attaquant s\u00e9n\u00e9galais aurait m\u00eame pris la d\u00e9cision de partir du club anglais suite \u00e0 la finale de Ligue des Champions que son \u00e9quipe Liverpool a perdue face au Real Madrid (0-1). Mais [&hellip;]<\/p>\n","protected":false},"author":2,"featured_media":13233,"comment_status":"closed","ping_status":"closed","sticky":false,"template":"","format":"standard","meta":{"footnotes":""},"categories":[64],"tags":[],"class_list":{"0":"post-13232","1":"post","2":"type-post","3":"status-publish","4":"format-standard","5":"has-post-thumbnail","7":"category-sport"},"_links":{"self":[{"href":"https:\/\/conakrynews.org\/index.php\/wp-json\/wp\/v2\/posts\/13232","targetHints":{"allow":["GET"]}}],"collection":[{"href":"https:\/\/conakrynews.org\/index.php\/wp-json\/wp\/v2\/posts"}],"about":[{"href":"https:\/\/conakrynews.org\/index.php\/wp-json\/wp\/v2\/types\/post"}],"author":[{"embeddable":true,"href":"https:\/\/conakrynews.org\/index.php\/wp-json\/wp\/v2\/users\/2"}],"replies":[{"embeddable":true,"href":"https:\/\/conakrynews.org\/index.php\/wp-json\/wp\/v2\/comments?post=13232"}],"version-history":[{"count":0,"href":"https:\/\/conakrynews.org\/index.php\/wp-json\/wp\/v2\/posts\/13232\/revisions"}],"wp:featuredmedia":[{"embeddable":true,"href":"https:\/\/conakrynews.org\/index.php\/wp-json\/wp\/v2\/media\/13233"}],"wp:attachment":[{"href":"https:\/\/conakrynews.org\/index.php\/wp-json\/wp\/v2\/media?parent=13232"}],"wp:term":[{"taxonomy":"category","embeddable":true,"href":"https:\/\/conakrynews.org\/index.php\/wp-json\/wp\/v2\/categories?post=13232"},{"taxonomy":"post_tag","embeddable":true,"href":"https:\/\/conakrynews.org\/index.php\/wp-json\/wp\/v2\/tags?post=13232"}],"curies":[{"name":"wp","href":"https:\/\/api.w.org\/{rel}","templated":true}]}}