{"id":13235,"date":"2022-06-01T13:54:49","date_gmt":"2022-06-01T13:54:49","guid":{"rendered":"https:\/\/conakrynews.org\/?p=13235"},"modified":"2022-06-01T13:55:32","modified_gmt":"2022-06-01T13:55:32","slug":"interdiction-des-manifestations-le-fndc-invite-les-citoyens-pro-democratie-a-la-mobilisation-pour-la-reprise-imminente-des-manifestations","status":"publish","type":"post","link":"https:\/\/conakrynews.org\/index.php\/interdiction-des-manifestations-le-fndc-invite-les-citoyens-pro-democratie-a-la-mobilisation-pour-la-reprise-imminente-des-manifestations\/","title":{"rendered":"Interdiction des manifestations : le FNDC invite les citoyens pro-d\u00e9mocratie \u00e0 la mobilisation pour la reprise imminente des manifestations\u2026"},"content":{"rendered":"<p>Dans un \u00e9ni\u00e8me communiqu\u00e9 de justifications rendu public ce lundi 31 mai 2022, le CNRD a r\u00e9it\u00e9r\u00e9 l\u2019interdiction de toutes manifestations publiques sur l\u2019ensemble du territoire national, malgr\u00e9 le caract\u00e8re ill\u00e9gal d\u2019une telle d\u00e9cision.<\/p>\n<p>La Coordination Nationale du FNDC regrette cette attitude dictatoriale du CNRD qui, en d\u00e9pit de toutes les d\u00e9nonciations et les mises en garde des ONG de d\u00e9fense des droits de l\u2019homme et des institutions internationales sur les \u00e9ventuelles cons\u00e9quences de cette d\u00e9cision sur la bonne marche de la transition, d\u00e9cide de restreindre l\u2019exercice des libert\u00e9s publiques.<\/p>\n<p>La coordination nationale du FNDC, au regard de l\u2019article 8 de la charte de la transition et des trait\u00e9s internationaux auxquels la Guin\u00e9e a librement souscrit, qui consacrent et garantissent les droits et libert\u00e9s aux citoyens guin\u00e9ens, r\u00e9it\u00e8re avec fermet\u00e9 son refus cat\u00e9gorique de se soumettre \u00e0 cette interdiction ill\u00e9gale et inopportune.<\/p>\n<p>La Coordination Nationale du FNDC invite les citoyens pro-d\u00e9mocratie \u00e0 la mobilisation pour la reprise imminente des manifestations citoyennes et pacifiques dans la zone sp\u00e9ciale de Conakry, \u00e0 l\u2019int\u00e9rieur du pays et au niveau de l\u2019ext\u00e9rieur pour emp\u00eacher la confiscation du pouvoir par le CNRD et d\u2019exiger un retour rapide \u00e0 l\u2019ordre constitutionnel.<\/p>\n<p>Conakry, le 31 mai 2022<\/p>\n<p>Ensemble unis et solidaires, nous vaincrons !<\/p>\n<p>La Coordination Nationale du FNDC<\/p>\n","protected":false},"excerpt":{"rendered":"<p>Dans un \u00e9ni\u00e8me communiqu\u00e9 de justifications rendu public ce lundi 31 mai 2022, le CNRD a r\u00e9it\u00e9r\u00e9 l\u2019interdiction de toutes manifestations publiques sur l\u2019ensemble du territoire national, malgr\u00e9 le caract\u00e8re ill\u00e9gal d\u2019une telle d\u00e9cision. La Coordination Nationale du FNDC regrette cette attitude dictatoriale du CNRD qui, en d\u00e9pit de toutes les d\u00e9nonciations et les mises [&hellip;]<\/p>\n","protected":false},"author":2,"featured_media":13236,"comment_status":"closed","ping_status":"closed","sticky":false,"template":"","format":"standard","meta":{"footnotes":""},"categories":[57],"tags":[],"class_list":{"0":"post-13235","1":"post","2":"type-post","3":"status-publish","4":"format-standard","5":"has-post-thumbnail","7":"category-politique"},"_links":{"self":[{"href":"https:\/\/conakrynews.org\/index.php\/wp-json\/wp\/v2\/posts\/13235","targetHints":{"allow":["GET"]}}],"collection":[{"href":"https:\/\/conakrynews.org\/index.php\/wp-json\/wp\/v2\/posts"}],"about":[{"href":"https:\/\/conakrynews.org\/index.php\/wp-json\/wp\/v2\/types\/post"}],"author":[{"embeddable":true,"href":"https:\/\/conakrynews.org\/index.php\/wp-json\/wp\/v2\/users\/2"}],"replies":[{"embeddable":true,"href":"https:\/\/conakrynews.org\/index.php\/wp-json\/wp\/v2\/comments?post=13235"}],"version-history":[{"count":0,"href":"https:\/\/conakrynews.org\/index.php\/wp-json\/wp\/v2\/posts\/13235\/revisions"}],"wp:featuredmedia":[{"embeddable":true,"href":"https:\/\/conakrynews.org\/index.php\/wp-json\/wp\/v2\/media\/13236"}],"wp:attachment":[{"href":"https:\/\/conakrynews.org\/index.php\/wp-json\/wp\/v2\/media?parent=13235"}],"wp:term":[{"taxonomy":"category","embeddable":true,"href":"https:\/\/conakrynews.org\/index.php\/wp-json\/wp\/v2\/categories?post=13235"},{"taxonomy":"post_tag","embeddable":true,"href":"https:\/\/conakrynews.org\/index.php\/wp-json\/wp\/v2\/tags?post=13235"}],"curies":[{"name":"wp","href":"https:\/\/api.w.org\/{rel}","templated":true}]}}