{"id":13244,"date":"2022-06-02T13:59:17","date_gmt":"2022-06-02T13:59:17","guid":{"rendered":"https:\/\/conakrynews.org\/?p=13244"},"modified":"2022-06-02T13:59:17","modified_gmt":"2022-06-02T13:59:17","slug":"mort-dun-manifestant-a-conakry-sil-y-a-des-tetes-qui-tomberont-des-tetes-tomberont-previent-ministre-de-la-securite","status":"publish","type":"post","link":"https:\/\/conakrynews.org\/index.php\/mort-dun-manifestant-a-conakry-sil-y-a-des-tetes-qui-tomberont-des-tetes-tomberont-previent-ministre-de-la-securite\/","title":{"rendered":"Mort d\u2019un manifestant \u00e0 Conakry : \u00ab s\u2019il y a des t\u00eates qui tomberont, des t\u00eates tomberont \u00bb, pr\u00e9vient ministre de la s\u00e9curit\u00e9."},"content":{"rendered":"<p>C\u2019est la premi\u00e8re victime depuis la prise du pouvoir par le colonel Mamadi Doumbouya, le 05 septembre dernier apr\u00e8s avoir chass\u00e9 Alpha Cond\u00e9 au pouvoir pour les violations r\u00e9p\u00e9t\u00e9es des droits des citoyens, avait- on annonc\u00e9 dans son premier discours \u00e0 la t\u00e9l\u00e9vision nationale.<\/p>\n<p>Quelques mois apr\u00e8s ce discours qui a donn\u00e9 de nouveau espoir aux guin\u00e9ens, hier \u00e0 la suite de l\u2019augmentation des produits p\u00e9troliers \u00e0 la pompe par les autorit\u00e9s actuelles, certains jeunes des quartiers de la haute banlieue de Conakry avaient manifest\u00e9 leur col\u00e8re et indignation \u00e0 cette augmentation fantaisiste de la part du gouvernement.<\/p>\n<p>Un jeune du nom de Therno Mamadou Diallo a \u00e9t\u00e9 tu\u00e9 par les balles \u00e0 Hamdallaye dans la commune de Ratoma. Le ministre de la s\u00e9curit\u00e9 et de la protection civile en tourn\u00e9e en Haute Guin\u00e9e s\u2019est indign\u00e9 face aux m\u00e9dias et il promet de mettre tout en \u0153uvre pour sanctionner les responsables de cet acte odieux et ignoble. <\/p>\n<p>\u00ab Je condamne \u00e9nergiquement ces gestes qui conduisent \u00e0 des morts d\u2019hommes. Le gouvernement ne s\u2019inscrit pas du tout dans cette logique. Je commencerais d\u2019abord par pr\u00e9senter mes sinc\u00e8res condol\u00e9ances aux victimes et aux parents des victimes. Ensuite, d\u00e8s que l\u2019\u00e9v\u00e8nement s\u2019est pass\u00e9 j\u2019ai appel\u00e9 le directeur g\u00e9n\u00e9ral de la police pour lui dire que je veux savoir combien de morts il y a eu ? Dans quelle circonstance ? Il y a eu ces cas de morts ? A quel endroit et \u00e0 quelle heure ? Et surtout qui a tu\u00e9 ? Et j\u2019ai conclu en lui disant que s\u2019il y a des t\u00eates qui tomberont, des t\u00eates tomberont mais ce genre d\u2019\u00e9v\u00e8nement ne doit pas du tout se produire. Ce n\u2019est pas en relation avec la logique de changement voulu par son excellence le pr\u00e9sident de la transition le colonel Mamadi Doumbouya, ce n\u2019est pas du tout normal. Et moi en tant que ministre de la s\u00e9curit\u00e9, je suis profond\u00e9ment choqu\u00e9 et je ne suis pas du tout content et je peux vous garantir que toutes les dispositions vont \u00eatre prises pour \u00e9clairer \u00e7a et les coupables seront punis \u00e0 tous les niveaux \u00bb,s\u2019est  indign\u00e9 le ministre de la s\u00e9curit\u00e9 et de la protection civile, Bachir Diallo.<\/p>\n<p>Liberationinfo.com<\/p>\n","protected":false},"excerpt":{"rendered":"<p>C\u2019est la premi\u00e8re victime depuis la prise du pouvoir par le colonel Mamadi Doumbouya, le 05 septembre dernier apr\u00e8s avoir chass\u00e9 Alpha Cond\u00e9 au pouvoir pour les violations r\u00e9p\u00e9t\u00e9es des droits des citoyens, avait- on annonc\u00e9 dans son premier discours \u00e0 la t\u00e9l\u00e9vision nationale. Quelques mois apr\u00e8s ce discours qui a donn\u00e9 de nouveau espoir [&hellip;]<\/p>\n","protected":false},"author":2,"featured_media":13245,"comment_status":"closed","ping_status":"closed","sticky":false,"template":"","format":"standard","meta":{"footnotes":""},"categories":[58],"tags":[],"class_list":{"0":"post-13244","1":"post","2":"type-post","3":"status-publish","4":"format-standard","5":"has-post-thumbnail","7":"category-societe"},"_links":{"self":[{"href":"https:\/\/conakrynews.org\/index.php\/wp-json\/wp\/v2\/posts\/13244","targetHints":{"allow":["GET"]}}],"collection":[{"href":"https:\/\/conakrynews.org\/index.php\/wp-json\/wp\/v2\/posts"}],"about":[{"href":"https:\/\/conakrynews.org\/index.php\/wp-json\/wp\/v2\/types\/post"}],"author":[{"embeddable":true,"href":"https:\/\/conakrynews.org\/index.php\/wp-json\/wp\/v2\/users\/2"}],"replies":[{"embeddable":true,"href":"https:\/\/conakrynews.org\/index.php\/wp-json\/wp\/v2\/comments?post=13244"}],"version-history":[{"count":0,"href":"https:\/\/conakrynews.org\/index.php\/wp-json\/wp\/v2\/posts\/13244\/revisions"}],"wp:featuredmedia":[{"embeddable":true,"href":"https:\/\/conakrynews.org\/index.php\/wp-json\/wp\/v2\/media\/13245"}],"wp:attachment":[{"href":"https:\/\/conakrynews.org\/index.php\/wp-json\/wp\/v2\/media?parent=13244"}],"wp:term":[{"taxonomy":"category","embeddable":true,"href":"https:\/\/conakrynews.org\/index.php\/wp-json\/wp\/v2\/categories?post=13244"},{"taxonomy":"post_tag","embeddable":true,"href":"https:\/\/conakrynews.org\/index.php\/wp-json\/wp\/v2\/tags?post=13244"}],"curies":[{"name":"wp","href":"https:\/\/api.w.org\/{rel}","templated":true}]}}