{"id":13257,"date":"2022-06-03T09:51:56","date_gmt":"2022-06-03T09:51:56","guid":{"rendered":"https:\/\/conakrynews.org\/?p=13257"},"modified":"2022-06-03T09:54:51","modified_gmt":"2022-06-03T09:54:51","slug":"exclusif-une-delegation-de-la-cedeao-a-conakry-ce-vendredi","status":"publish","type":"post","link":"https:\/\/conakrynews.org\/index.php\/exclusif-une-delegation-de-la-cedeao-a-conakry-ce-vendredi\/","title":{"rendered":"Exclusif. Une d\u00e9l\u00e9gation de la Cedeao \u00e0 Conakry, ce vendredi"},"content":{"rendered":"<p>Vendredi 3 juin 2022, \u00e0 24 heures du sommet crucial des chefs d\u2019Etat de la communaut\u00e9 des Etats d\u2019Afrique de l\u2019Ouest (Cedeao) pour la Guin\u00e9e, le Mali et le Burkina Faso, la Cedeao a d\u00e9p\u00each\u00e9 dans la soir\u00e9e du jeudi une d\u00e9l\u00e9gation r\u00e9duite \u00e0 Conakry pour porter la position des chefs d\u2019Etat \u00e0 la junte selon une source diplomatique.<\/p>\n<p>Cette d\u00e9l\u00e9gation doit s\u2019entretenir avec le colonel Mamadi Doumbouya, chef des putschistes qui a renvers\u00e9 Alpha Conde le 5 septembre 2021 et qui dirige le pays d\u2019une main de fer sous le sceau de la r\u00e9fondation du pays.<\/p>\n<p>Pour la transition, 36 mois ont \u00e9t\u00e9 adopt\u00e9s par le CNT [Conseil national de la transition] et valid\u00e9s par le pr\u00e9sident du CNRD.<\/p>\n<p>Selon plusieurs sources ici \u00e0 Accra et dans les coulisses diplomatiques, cette proposition semble \u00eatre rejet\u00e9e par les chefs d\u2019Etat.<br \/>\nLa d\u00e9l\u00e9gation dont on ignore la composition a pour mission de donner une chance \u00e0 la junte de revoir \u00e0 la baisse ses ambitions sur la dur\u00e9e, sans quoi des mesures fortes seront prises par la conf\u00e9rence des chefs d\u2019Etat ce samedi 4 juin 2022 \u00e0 Accra, capitale ghan\u00e9enne.<\/p>\n<p>Bangaly Steve Toure Accra pour Mediaguinee<\/p>\n","protected":false},"excerpt":{"rendered":"<p>Vendredi 3 juin 2022, \u00e0 24 heures du sommet crucial des chefs d\u2019Etat de la communaut\u00e9 des Etats d\u2019Afrique de l\u2019Ouest (Cedeao) pour la Guin\u00e9e, le Mali et le Burkina Faso, la Cedeao a d\u00e9p\u00each\u00e9 dans la soir\u00e9e du jeudi une d\u00e9l\u00e9gation r\u00e9duite \u00e0 Conakry pour porter la position des chefs d\u2019Etat \u00e0 la junte [&hellip;]<\/p>\n","protected":false},"author":2,"featured_media":13259,"comment_status":"closed","ping_status":"closed","sticky":false,"template":"","format":"standard","meta":{"footnotes":""},"categories":[57],"tags":[],"class_list":{"0":"post-13257","1":"post","2":"type-post","3":"status-publish","4":"format-standard","5":"has-post-thumbnail","7":"category-politique"},"_links":{"self":[{"href":"https:\/\/conakrynews.org\/index.php\/wp-json\/wp\/v2\/posts\/13257","targetHints":{"allow":["GET"]}}],"collection":[{"href":"https:\/\/conakrynews.org\/index.php\/wp-json\/wp\/v2\/posts"}],"about":[{"href":"https:\/\/conakrynews.org\/index.php\/wp-json\/wp\/v2\/types\/post"}],"author":[{"embeddable":true,"href":"https:\/\/conakrynews.org\/index.php\/wp-json\/wp\/v2\/users\/2"}],"replies":[{"embeddable":true,"href":"https:\/\/conakrynews.org\/index.php\/wp-json\/wp\/v2\/comments?post=13257"}],"version-history":[{"count":0,"href":"https:\/\/conakrynews.org\/index.php\/wp-json\/wp\/v2\/posts\/13257\/revisions"}],"wp:featuredmedia":[{"embeddable":true,"href":"https:\/\/conakrynews.org\/index.php\/wp-json\/wp\/v2\/media\/13259"}],"wp:attachment":[{"href":"https:\/\/conakrynews.org\/index.php\/wp-json\/wp\/v2\/media?parent=13257"}],"wp:term":[{"taxonomy":"category","embeddable":true,"href":"https:\/\/conakrynews.org\/index.php\/wp-json\/wp\/v2\/categories?post=13257"},{"taxonomy":"post_tag","embeddable":true,"href":"https:\/\/conakrynews.org\/index.php\/wp-json\/wp\/v2\/tags?post=13257"}],"curies":[{"name":"wp","href":"https:\/\/api.w.org\/{rel}","templated":true}]}}