{"id":13267,"date":"2022-06-04T12:38:42","date_gmt":"2022-06-04T12:38:42","guid":{"rendered":"https:\/\/conakrynews.org\/?p=13267"},"modified":"2022-06-04T12:38:42","modified_gmt":"2022-06-04T12:38:42","slug":"promotion-des-droits-civils-bourses-pour-les-personnes-dascendance-africaine","status":"publish","type":"post","link":"https:\/\/conakrynews.org\/index.php\/promotion-des-droits-civils-bourses-pour-les-personnes-dascendance-africaine\/","title":{"rendered":"Promotion des droits civils Bourses pour les personnes d\u2019ascendance africaine"},"content":{"rendered":"<p>Le programme vise \u00e0 renforcer les capacit\u00e9s des participants \u00e0 contribuer \u00e0 la protection et \u00e0 la promotion des droits civils, politiques, \u00e9conomiques, sociaux et culturels de ces personnes dans leurs pays respectifs. Foto: Julian Stratenschulte\/dpa<br \/>\nPromotion des droits civils Bourses pour les personnes d\u2019ascendance africaine<\/p>\n<p>Le programme vise \u00e0 promouvoir les droits de l\u2019homme et \u00e0 renforcer les capacit\u00e9s des participants. La date limite de d\u00e9p\u00f4t des candidatures est fix\u00e9e au 9 juin.<\/p>\n<p>Les Nations Unies ont annonc\u00e9 l\u2019ouverture des candidatures aux bourses pour les personnes d\u2019ascendance africaine de la diaspora d\u00e9sireuses de suivre le Programme de formation visant \u00e0 contribuer \u00e0 la promotion des droits de ces personnes. Le programme vise \u00e0 renforcer les capacit\u00e9s des participants \u00ab \u00e0 contribuer \u00e0 la protection et \u00e0 la promotion des droits civils, politiques, \u00e9conomiques, sociaux et culturels \u00bb de ces personnes dans leurs pays respectifs, a indiqu\u00e9 le Haut-Commissariat des Nations Unies aux droits de l\u2019homme.<br \/>\nLes participants seront form\u00e9s aux outils n\u00e9cessaires \u00e0 favoriser la conception de lois, de politiques et de programmes ; renforcer la collaboration de la soci\u00e9t\u00e9 civile avec les gouvernements ; et mener des activit\u00e9s de sensibilisation au niveau local. La formation qui se tient une fois par an, aura lieu pour l\u2019ann\u00e9e 2022 du 21 novembre au 9 d\u00e9cembre \u00e0 Gen\u00e8ve, a ajout\u00e9 la m\u00eame source. La date limite pour postuler \u00e0 la bourse est fix\u00e9e au 9 juin.<\/p>\n<p>Ce Programme a \u00e9t\u00e9 lanc\u00e9 en 2011 par le Haut-Commissariat et a \u00e9t\u00e9 appuy\u00e9 par l\u2019Organisation des Nations unies (ONU) lors de l\u2019adoption en 2013 de la r\u00e9solution de la D\u00e9cennie internationale des personnes d\u2019ascendance africaine. En proclamant cette D\u00e9cennie, \u00ab la communaut\u00e9 internationale distingue les personnes d\u2019ascendance africaine comme groupe dont les droits humains doivent \u00eatre promus et prot\u00e9g\u00e9s \u00bb. La D\u00e9cennie a d\u00e9but\u00e9 en 2015 et se poursuivra jusqu\u2019\u00e0 la fin de 2024.<\/p>\n<p>La D\u00e9cennie est une plateforme \u00ab unique qui met l\u2019accent sur la contribution importante \u00bb de ces personnes dans chaque soci\u00e9t\u00e9 et qui d\u00e9fend des mesures concr\u00e8tes pour mettre un terme \u00e0 la discrimination et favoriser leur pleine inclusion \u00bb. Environ 200 millions de personnes se consid\u00e9rant d\u2019ascendance africaine vivent en Am\u00e9rique. Des millions d\u2019autres vivent dans diverses r\u00e9gions du monde, et ce, en dehors du continent africain.<\/p>\n<p>Avec dpa-news<\/p>\n","protected":false},"excerpt":{"rendered":"<p>Le programme vise \u00e0 renforcer les capacit\u00e9s des participants \u00e0 contribuer \u00e0 la protection et \u00e0 la promotion des droits civils, politiques, \u00e9conomiques, sociaux et culturels de ces personnes dans leurs pays respectifs. Foto: Julian Stratenschulte\/dpa Promotion des droits civils Bourses pour les personnes d\u2019ascendance africaine Le programme vise \u00e0 promouvoir les droits de l\u2019homme [&hellip;]<\/p>\n","protected":false},"author":2,"featured_media":13268,"comment_status":"closed","ping_status":"closed","sticky":false,"template":"","format":"standard","meta":{"footnotes":""},"categories":[58],"tags":[],"class_list":{"0":"post-13267","1":"post","2":"type-post","3":"status-publish","4":"format-standard","5":"has-post-thumbnail","7":"category-societe"},"_links":{"self":[{"href":"https:\/\/conakrynews.org\/index.php\/wp-json\/wp\/v2\/posts\/13267","targetHints":{"allow":["GET"]}}],"collection":[{"href":"https:\/\/conakrynews.org\/index.php\/wp-json\/wp\/v2\/posts"}],"about":[{"href":"https:\/\/conakrynews.org\/index.php\/wp-json\/wp\/v2\/types\/post"}],"author":[{"embeddable":true,"href":"https:\/\/conakrynews.org\/index.php\/wp-json\/wp\/v2\/users\/2"}],"replies":[{"embeddable":true,"href":"https:\/\/conakrynews.org\/index.php\/wp-json\/wp\/v2\/comments?post=13267"}],"version-history":[{"count":0,"href":"https:\/\/conakrynews.org\/index.php\/wp-json\/wp\/v2\/posts\/13267\/revisions"}],"wp:featuredmedia":[{"embeddable":true,"href":"https:\/\/conakrynews.org\/index.php\/wp-json\/wp\/v2\/media\/13268"}],"wp:attachment":[{"href":"https:\/\/conakrynews.org\/index.php\/wp-json\/wp\/v2\/media?parent=13267"}],"wp:term":[{"taxonomy":"category","embeddable":true,"href":"https:\/\/conakrynews.org\/index.php\/wp-json\/wp\/v2\/categories?post=13267"},{"taxonomy":"post_tag","embeddable":true,"href":"https:\/\/conakrynews.org\/index.php\/wp-json\/wp\/v2\/tags?post=13267"}],"curies":[{"name":"wp","href":"https:\/\/api.w.org\/{rel}","templated":true}]}}