{"id":13270,"date":"2022-06-04T12:43:35","date_gmt":"2022-06-04T12:43:35","guid":{"rendered":"https:\/\/conakrynews.org\/?p=13270"},"modified":"2022-06-04T12:43:35","modified_gmt":"2022-06-04T12:43:35","slug":"exclusion-dousmane-gaoual-diallo-de-lufdg-une-journaliste-agressee-a-bambeto-en-plein-exercice-de-son-metier","status":"publish","type":"post","link":"https:\/\/conakrynews.org\/index.php\/exclusion-dousmane-gaoual-diallo-de-lufdg-une-journaliste-agressee-a-bambeto-en-plein-exercice-de-son-metier\/","title":{"rendered":"Exclusion d\u2019Ousmane Gaoual Diallo de l\u2019UFDG: une journaliste agress\u00e9e \u00e0 Bambeto en plein exercice de son m\u00e9tier"},"content":{"rendered":"<p>Alors qu\u2019elle r\u00e9alisait un micro  trottoir ce vendredi, 03 juin 2022 sur l\u2019exclusion de Ousmane Gaoual Diallo de l\u2019UFDG, une journaliste stagiaire de la radio Soleil fm \u00e9t\u00e9 victime d\u2019agression physique de la part d\u2019un jeune sans \u00eatre inqui\u00e9t\u00e9.<br \/>\nSelon nos informations, Kannie Diallo puisque c\u2019est de lui qu\u2019il s\u2019agit \u00e9tait en pleine interview quand son agresseur est venu lui demander de lui pr\u00e9senter son badge.<br \/>\n \u00bb J\u2019\u00e9tais en interview quand un jeune homme sorti de nul part est venu me demander si j\u2019\u00e9tais journaliste.  Je lui est r\u00e9pondu oui et il m\u2019a demand\u00e9 mon badge. Je lui ai dit que je n\u2019avais pas mon badge et soudain il s\u2019est mis \u00e0 dire que c\u2019\u00e9taient nous les journalistes qui deformons les propos des gens dans les m\u00e9dias. Alors que je ne m\u2019attendais \u00e0 rien, il a lev\u00e9 la main et m\u2019a frapp\u00e9 au visage \u00bb a t elle expliqu\u00e9.<br \/>\nPour le moment, aucune plainte n\u2019a \u00e9t\u00e9 port\u00e9e.<br \/>\n\u00c0 souligner que ce n\u2019est pas une premi\u00e8re, souvent des personnes mal intentionn\u00e9es s\u2019en prennent aux journalistes dans l\u2019exercice de leur m\u00e9tier surtout dans des p\u00e9riodes sensibles.<\/p>\n<p>Guin\u00e9equotidien.com<\/p>\n","protected":false},"excerpt":{"rendered":"<p>Alors qu\u2019elle r\u00e9alisait un micro trottoir ce vendredi, 03 juin 2022 sur l\u2019exclusion de Ousmane Gaoual Diallo de l\u2019UFDG, une journaliste stagiaire de la radio Soleil fm \u00e9t\u00e9 victime d\u2019agression physique de la part d\u2019un jeune sans \u00eatre inqui\u00e9t\u00e9. Selon nos informations, Kannie Diallo puisque c\u2019est de lui qu\u2019il s\u2019agit \u00e9tait en pleine interview quand [&hellip;]<\/p>\n","protected":false},"author":2,"featured_media":13271,"comment_status":"closed","ping_status":"closed","sticky":false,"template":"","format":"standard","meta":{"footnotes":""},"categories":[58],"tags":[],"class_list":{"0":"post-13270","1":"post","2":"type-post","3":"status-publish","4":"format-standard","5":"has-post-thumbnail","7":"category-societe"},"_links":{"self":[{"href":"https:\/\/conakrynews.org\/index.php\/wp-json\/wp\/v2\/posts\/13270","targetHints":{"allow":["GET"]}}],"collection":[{"href":"https:\/\/conakrynews.org\/index.php\/wp-json\/wp\/v2\/posts"}],"about":[{"href":"https:\/\/conakrynews.org\/index.php\/wp-json\/wp\/v2\/types\/post"}],"author":[{"embeddable":true,"href":"https:\/\/conakrynews.org\/index.php\/wp-json\/wp\/v2\/users\/2"}],"replies":[{"embeddable":true,"href":"https:\/\/conakrynews.org\/index.php\/wp-json\/wp\/v2\/comments?post=13270"}],"version-history":[{"count":0,"href":"https:\/\/conakrynews.org\/index.php\/wp-json\/wp\/v2\/posts\/13270\/revisions"}],"wp:featuredmedia":[{"embeddable":true,"href":"https:\/\/conakrynews.org\/index.php\/wp-json\/wp\/v2\/media\/13271"}],"wp:attachment":[{"href":"https:\/\/conakrynews.org\/index.php\/wp-json\/wp\/v2\/media?parent=13270"}],"wp:term":[{"taxonomy":"category","embeddable":true,"href":"https:\/\/conakrynews.org\/index.php\/wp-json\/wp\/v2\/categories?post=13270"},{"taxonomy":"post_tag","embeddable":true,"href":"https:\/\/conakrynews.org\/index.php\/wp-json\/wp\/v2\/tags?post=13270"}],"curies":[{"name":"wp","href":"https:\/\/api.w.org\/{rel}","templated":true}]}}