{"id":13283,"date":"2022-06-06T09:57:13","date_gmt":"2022-06-06T09:57:13","guid":{"rendered":"https:\/\/conakrynews.org\/?p=13283"},"modified":"2022-06-06T09:57:13","modified_gmt":"2022-06-06T09:57:13","slug":"la-cedeao-reporte-a-juillet-lexamen-des-sanctions-contre-le-burkina-la-guinee-et-le-mali","status":"publish","type":"post","link":"https:\/\/conakrynews.org\/index.php\/la-cedeao-reporte-a-juillet-lexamen-des-sanctions-contre-le-burkina-la-guinee-et-le-mali\/","title":{"rendered":"La C\u00e9d\u00e9ao reporte \u00e0 juillet l\u2019examen des sanctions contre le Burkina, la Guin\u00e9e et le Mali"},"content":{"rendered":"<p>Faute d\u2019accord, les dirigeants ouest-africains r\u00e9unis \u00e0 Accra samedi ont report\u00e9 \u00e0 un nouveau sommet qui se tiendra le 3 juillet, la d\u00e9cision sur les sanctions \u00e0 l\u2019encontre des r\u00e9gimes putschistes du Mali, du Burkina Faso et de Guin\u00e9e, affirment de sources proches de la rencontre.<\/p>\n<p>Les d\u00e9cisions de la Communaut\u00e9 \u00e9conomique des Etats de l\u2019Afrique de l\u2019Ouest (C\u00e9d\u00e9ao) \u00ab sont report\u00e9es \u00e0 un sommet ici \u00e0 Accra le 3 juillet \u00bb, a dit \u00e0 un correspondant de l\u2019AFP un responsable de la pr\u00e9sidence ghan\u00e9enne sous le couvert de l\u2019anonymat. Un participant au sommet a expliqu\u00e9, \u00e9galement sous le couvert de l\u2019anonymat, que les chefs d\u2019Etat n\u2019avaient pas r\u00e9ussi \u00e0 s\u2019entendre, \u00ab surtout sur le Mali \u00bb.<\/p>\n<p>Les dirigeants ouest-africains \u00e9taient r\u00e9unis ce samedi 4 juin \u00e0 Accra, au Ghana, pour d\u00e9cider d\u2019att\u00e9nuer ou de durcir les sanctions contre le Mali, le Burkina Faso et la Guin\u00e9e, o\u00f9 les juntes n\u2019entendent pas l\u00e2cher de sit\u00f4t le pouvoir pris par la force.<\/p>\n<p>\u00ab Cette r\u00e9union continuera \u00e0 se concentrer sur l\u2019instabilit\u00e9 politique qui s\u00e9vit dans la r\u00e9gion et la r\u00e9surgence des coups d\u2019Etat depuis ao\u00fbt 2020 \u00bb, a d\u00e9clar\u00e9 le pr\u00e9sident ghan\u00e9en Nana Akufo-Addo \u00e0 l\u2019ouverture de la session en pr\u00e9sence des chefs d\u2019Etat de la plupart des 15 pays membres de la Communaut\u00e9 \u00e9conomique des Etats de l\u2019Afrique de l\u2019Ouest (C\u00e9d\u00e9ao).<\/p>\n<p>Aucun repr\u00e9sentant des trois pays concern\u00e9s n\u2019a en revanche \u00e9t\u00e9 aper\u00e7u.<\/p>\n<p>\u00ab Ce sommet r\u00e9examinera et \u00e9valuera la situation au Mali, en Guin\u00e9e et au Burkina Faso \u00e0 la lumi\u00e8re des r\u00e9cents \u00e9v\u00e8nements dans la r\u00e9gion et du contexte global qui affectent nos pays \u00bb, a-t-il dit avant que les leaders n\u2019entament leurs travaux \u00e0 huis clos.<\/p>\n<p>Ils doivent dire en particulier s\u2019ils maintiennent, all\u00e8gent voire l\u00e8vent les s\u00e9v\u00e8res mesures de r\u00e9torsion inflig\u00e9es au Mali le 9 janvier pour stopper le projet des militaires de gouverner cinq ann\u00e9es de plus.<\/p>\n<p>Les sanctions prises par la C\u00e9d\u00e9ao apr\u00e8s les putschs en Guin\u00e9e \ud83c\uddec\ud83c\uddf3 , au Mali \ud83c\uddf2\ud83c\uddf1 et au Burkina Faso \ud83c\udde7\ud83c\uddeb ont \u00ab s\u00e9v\u00e8rement affect\u00e9 \u00bb certains secteurs et \u00ab empir\u00e9 les conditions de vie des pauvres \u00bb en Afrique de l\u2019Ouest, indique un rapport de l\u2019ONU. https:\/\/t.co\/ZGegLgfWlB<\/p>\n<p>\u2014 Le journal Afrique TV5MONDE (@JTAtv5monde) June 4, 2022<\/p>\n<p>Le Burkina, autre pays sah\u00e9lien pris dans la tourmente jihadiste, et la Guin\u00e9e ne sont pour l\u2019heure que suspendus des organes de la C\u00e9d\u00e9ao. Mais les juntes en place entendent y rester trois ans et exposent leur pays aux foudres de la C\u00e9d\u00e9ao.<\/p>\n<p>L\u2019Afrique de l\u2019Ouest a vu se succ\u00e9der les coups de force des colonels et lieutenants-colonels en moins de deux ans: putsch le 18 ao\u00fbt 2020 \u00e0 Bamako, nouveau fait accompli parachevant le premier le 24 mai 2021, putsch le 5 septembre 2021 \u00e0 Conakry, putsch le 24 janvier 2022 \u00e0 Ouagadougou.<\/p>\n<p>Depuis 2020, la C\u00e9d\u00e9ao, alarm\u00e9e du risque de contagion dans une r\u00e9gion vuln\u00e9rable, multiplie les sommets, les m\u00e9diations et les pressions pour abr\u00e9ger les p\u00e9riodes dites de transition avant un retour des civils \u00e0 la direction de leur pays.<\/p>\n<p>Elle se heurte aux r\u00e9sistances des nouveaux hommes forts, qu\u2019il s\u2019agisse du colonel Assimi Go\u00efta au Mali, du colonel Mamady Doumbouya en Guin\u00e9e ou du lieutenant-colonel Paul-Henri Sandaogo Damiba, qui se sont tous fait investir pr\u00e9sidents entre-temps.<\/p>\n<p>Les nouveaux gouvernants en uniforme invoquent la gravit\u00e9 des crises auxquels ils sont confront\u00e9s, s\u00e9curitaire au Mali et au Burkina, sociale et politique dans les trois pays. Ils veulent avoir le temps n\u00e9cessaire \u00e0 ce qu\u2019ils pr\u00e9sentent comme leur entreprise de \u00ab refondation \u00bb de leur Etat, et \u00e0 l\u2019organisation d\u2019\u00e9lections cr\u00e9dibles.<\/p>\n<p>Au Mali, la junte s\u2019est d\u00e9dite de son engagement initial \u00e0 c\u00e9der la place au bout de 18 mois apr\u00e8s des \u00e9lections promises en f\u00e9vrier 2022. Quand elle est all\u00e9e jusqu\u2019\u00e0 envisager cinq ann\u00e9es suppl\u00e9mentaires, la C\u00e9d\u00e9ao a s\u00e9vi le 9 janvier, fermant les fronti\u00e8res et suspendant les \u00e9changes commerciaux et financiers hors produits de premi\u00e8re n\u00e9cessit\u00e9.<\/p>\n<p>Un rapport de l\u2019ONU indique que, dans un contexte de crise d\u00e9j\u00e0 aigu\u00eb, les sanctions ont \u00ab s\u00e9v\u00e8rement affect\u00e9 \u00bb certains secteurs et \u00ab empir\u00e9 les conditions de vie, en particulier celles des pauvres \u00bb.<\/p>\n<p>\u2013 \u00ab Impensable \u00bb \u2013<br \/>\nPass\u00e9 les protestations, les autorit\u00e9s ont ramen\u00e9 leurs pr\u00e9tentions \u00e0 24 mois. Jusqu\u2019alors la C\u00e9d\u00e9ao a consenti au maximum \u00e0 16 mois et indiqu\u00e9 que les sanctions ne seraient lev\u00e9es progressivement que quand le Mali pr\u00e9senterait un calendrier acceptable.<\/p>\n<p>Diff\u00e9rents protagonistes ont soulign\u00e9 qu\u2019il y avait l\u2019espace pour un compromis.<\/p>\n<p>\u00ab Nous pouvons nous mettre d\u2019accord sur une \u00e9ch\u00e9ance qui serait comprise entre seize et vingt-quatre mois \u00bb, a dit derni\u00e8rement dans le magazine Jeune Afrique le chef de l\u2019Etat s\u00e9n\u00e9galais, pr\u00e9sident en exercice de l\u2019Union africaine.<\/p>\n<p>En revanche, \u00ab pour la Guin\u00e9e, la C\u00e9d\u00e9ao va devoir prendre des mesures \u00bb, a-t-il dit. Il a qualifi\u00e9 d&rsquo; \u00bbimpensable \u00bb le d\u00e9lai de 39 mois, depuis ramen\u00e9 \u00e0 36, que s\u2019impartit le colonel Doumbouya.<\/p>\n<p>Ce samedi, \u00e0 Accra, au #Ghana, s\u2019ouvre un sommet extraordinaire de la @ecowas_cedeao sur le Mali, la Guin\u00e9e et le Burkina Faso, trois pays en cours de transition apr\u00e8s des coups d\u2019\u00c9tat. Les pr\u00e9cisions sur place d\u2019Ousmane Ndiaye, r\u00e9dacteur en chef central Afrique \u00e0 TV5MONDE. pic.twitter.com\/vMTz3QNOZI<\/p>\n<p>\u2014 Le journal Afrique TV5MONDE (@JTAtv5monde) June 4, 2022<\/p>\n<p>Lors d\u2019un pr\u00e9c\u00e9dent sommet le 25 mars, la C\u00e9d\u00e9ao avait donn\u00e9 \u00e0 la junte jusqu\u2019au 25 avril pour pr\u00e9senter un \u00e9ch\u00e9ancier \u00ab acceptable \u00bb. A d\u00e9faut, \u00ab des sanctions \u00e9conomiques et financi\u00e8res entreront imm\u00e9diatement en vigueur \u00bb, avait-elle pr\u00e9venu.<\/p>\n<p>La C\u00e9d\u00e9ao a d\u00e9j\u00e0 annonc\u00e9 le gel des avoirs financiers des membres de la junte et de leurs familles. Ils ont l\u2019interdiction de voyager au sein de la C\u00e9d\u00e9ao.<\/p>\n<p>Le Burkina, lui, \u00ab semble plus raisonnable \u00bb au pr\u00e9sident de l\u2019Union africaine.<\/p>\n<p>Le sommet de mars avait fix\u00e9 au Burkina le m\u00eame ultimatum qu\u2019\u00e0 la Guin\u00e9e. Mais \u00e0 la demande de la junte, la C\u00e9d\u00e9ao a d\u00e9p\u00each\u00e9 fin mai une mission de trois jours pour \u00e9valuer la situation au Burkina, o\u00f9 les attaques jihadistes sanglantes se succ\u00e8dent.<\/p>\n<p>Le rapport de la mission, soumis samedi au sommet d\u2019Accra, constate que \u00ab la situation humanitaire et s\u00e9curitaire reste difficile \u00bb et \u00ab il faut \u00e9videmment prendre la mesure de cette situation \u00bb, a d\u00e9clar\u00e9 le pr\u00e9sident de la commission de la C\u00e9d\u00e9ao Jean-Claude Kassi Brou.<\/p>\n<p>Transitions politiques au Mali, en Guin\u00e9e et au Burkina Faso : La Cedeao en sommet extraordinaire \u00e0 Accra samedi #cedeao @Senego https:\/\/t.co\/u7iyyIMi6a<\/p>\n<p>Avec VOA<\/p>\n","protected":false},"excerpt":{"rendered":"<p>Faute d\u2019accord, les dirigeants ouest-africains r\u00e9unis \u00e0 Accra samedi ont report\u00e9 \u00e0 un nouveau sommet qui se tiendra le 3 juillet, la d\u00e9cision sur les sanctions \u00e0 l\u2019encontre des r\u00e9gimes putschistes du Mali, du Burkina Faso et de Guin\u00e9e, affirment de sources proches de la rencontre. Les d\u00e9cisions de la Communaut\u00e9 \u00e9conomique des Etats de [&hellip;]<\/p>\n","protected":false},"author":2,"featured_media":13284,"comment_status":"closed","ping_status":"closed","sticky":false,"template":"","format":"standard","meta":{"footnotes":""},"categories":[57],"tags":[],"class_list":{"0":"post-13283","1":"post","2":"type-post","3":"status-publish","4":"format-standard","5":"has-post-thumbnail","7":"category-politique"},"_links":{"self":[{"href":"https:\/\/conakrynews.org\/index.php\/wp-json\/wp\/v2\/posts\/13283","targetHints":{"allow":["GET"]}}],"collection":[{"href":"https:\/\/conakrynews.org\/index.php\/wp-json\/wp\/v2\/posts"}],"about":[{"href":"https:\/\/conakrynews.org\/index.php\/wp-json\/wp\/v2\/types\/post"}],"author":[{"embeddable":true,"href":"https:\/\/conakrynews.org\/index.php\/wp-json\/wp\/v2\/users\/2"}],"replies":[{"embeddable":true,"href":"https:\/\/conakrynews.org\/index.php\/wp-json\/wp\/v2\/comments?post=13283"}],"version-history":[{"count":0,"href":"https:\/\/conakrynews.org\/index.php\/wp-json\/wp\/v2\/posts\/13283\/revisions"}],"wp:featuredmedia":[{"embeddable":true,"href":"https:\/\/conakrynews.org\/index.php\/wp-json\/wp\/v2\/media\/13284"}],"wp:attachment":[{"href":"https:\/\/conakrynews.org\/index.php\/wp-json\/wp\/v2\/media?parent=13283"}],"wp:term":[{"taxonomy":"category","embeddable":true,"href":"https:\/\/conakrynews.org\/index.php\/wp-json\/wp\/v2\/categories?post=13283"},{"taxonomy":"post_tag","embeddable":true,"href":"https:\/\/conakrynews.org\/index.php\/wp-json\/wp\/v2\/tags?post=13283"}],"curies":[{"name":"wp","href":"https:\/\/api.w.org\/{rel}","templated":true}]}}