{"id":13292,"date":"2022-06-06T13:01:34","date_gmt":"2022-06-06T13:01:34","guid":{"rendered":"https:\/\/conakrynews.org\/?p=13292"},"modified":"2022-06-06T13:01:34","modified_gmt":"2022-06-06T13:01:34","slug":"tribunal-pour-enfants-le-personnel-decide-de-poursuivre-la-greve-jusqua-lobtention-dun-local","status":"publish","type":"post","link":"https:\/\/conakrynews.org\/index.php\/tribunal-pour-enfants-le-personnel-decide-de-poursuivre-la-greve-jusqua-lobtention-dun-local\/","title":{"rendered":"Tribunal pour enfants : le personnel d\u00e9cide de poursuivre la gr\u00e8ve jusqu\u2019\u00e0 l\u2019obtention d\u2019un local"},"content":{"rendered":"<p>Les travailleurs du tribunal pour enfant situ\u00e9 dans l\u2019enceinte du tribunal de premi\u00e8re instance de Kaloum sont en gr\u00e8ve depuis le lundi dernier.<\/p>\n<p>Selon notre source depuis 10 ans, le tribunal qui juge les mineurs n\u2019a pas de local et c\u2019est suite \u00e0 cette situation que le personnel a d\u00e9cid\u00e9 d\u2019aller en gr\u00e8ve tout en assurant le service minimum.<\/p>\n<p>L\u2019on se rappelle encore en avril 2021, ils \u00e9taient aussi all\u00e9s en gr\u00e8ve pour la m\u00eame cause et la gr\u00e8ve avait \u00e9t\u00e9 suspendue apr\u00e8s des promesses non tenues.<\/p>\n<p>Depuis 2019, selon notre source, le tribunal pour enfant a interpell\u00e9 l\u2019Etat guin\u00e9en sur cette situation et avant m\u00eame de d\u00e9clencher cette gr\u00e8ve, le barreau de Guin\u00e9e, l\u2019association des magistrats et le minist\u00e8re de la justice avaient saisi les autorit\u00e9s, sans suite favorable.<\/p>\n<p>C\u2019est pourquoi cette fois, ils d\u00e9cident de continuer la gr\u00e8ve jusqu\u2019\u00e0 la satisfaction de leur revendication.<\/p>\n<p>Mosa\u00efqueguinee.com<\/p>\n","protected":false},"excerpt":{"rendered":"<p>Les travailleurs du tribunal pour enfant situ\u00e9 dans l\u2019enceinte du tribunal de premi\u00e8re instance de Kaloum sont en gr\u00e8ve depuis le lundi dernier. Selon notre source depuis 10 ans, le tribunal qui juge les mineurs n\u2019a pas de local et c\u2019est suite \u00e0 cette situation que le personnel a d\u00e9cid\u00e9 d\u2019aller en gr\u00e8ve tout en [&hellip;]<\/p>\n","protected":false},"author":2,"featured_media":13293,"comment_status":"closed","ping_status":"closed","sticky":false,"template":"","format":"standard","meta":{"footnotes":""},"categories":[58],"tags":[],"class_list":{"0":"post-13292","1":"post","2":"type-post","3":"status-publish","4":"format-standard","5":"has-post-thumbnail","7":"category-societe"},"_links":{"self":[{"href":"https:\/\/conakrynews.org\/index.php\/wp-json\/wp\/v2\/posts\/13292","targetHints":{"allow":["GET"]}}],"collection":[{"href":"https:\/\/conakrynews.org\/index.php\/wp-json\/wp\/v2\/posts"}],"about":[{"href":"https:\/\/conakrynews.org\/index.php\/wp-json\/wp\/v2\/types\/post"}],"author":[{"embeddable":true,"href":"https:\/\/conakrynews.org\/index.php\/wp-json\/wp\/v2\/users\/2"}],"replies":[{"embeddable":true,"href":"https:\/\/conakrynews.org\/index.php\/wp-json\/wp\/v2\/comments?post=13292"}],"version-history":[{"count":0,"href":"https:\/\/conakrynews.org\/index.php\/wp-json\/wp\/v2\/posts\/13292\/revisions"}],"wp:featuredmedia":[{"embeddable":true,"href":"https:\/\/conakrynews.org\/index.php\/wp-json\/wp\/v2\/media\/13293"}],"wp:attachment":[{"href":"https:\/\/conakrynews.org\/index.php\/wp-json\/wp\/v2\/media?parent=13292"}],"wp:term":[{"taxonomy":"category","embeddable":true,"href":"https:\/\/conakrynews.org\/index.php\/wp-json\/wp\/v2\/categories?post=13292"},{"taxonomy":"post_tag","embeddable":true,"href":"https:\/\/conakrynews.org\/index.php\/wp-json\/wp\/v2\/tags?post=13292"}],"curies":[{"name":"wp","href":"https:\/\/api.w.org\/{rel}","templated":true}]}}