{"id":13311,"date":"2022-06-08T11:13:56","date_gmt":"2022-06-08T11:13:56","guid":{"rendered":"https:\/\/conakrynews.org\/?p=13311"},"modified":"2022-06-08T11:17:51","modified_gmt":"2022-06-08T11:17:51","slug":"mali-la-junte-fixe-a-deux-ans-le-delai-avant-un-retour-des-civils-au-pouvoir","status":"publish","type":"post","link":"https:\/\/conakrynews.org\/index.php\/mali-la-junte-fixe-a-deux-ans-le-delai-avant-un-retour-des-civils-au-pouvoir\/","title":{"rendered":"Mali: la junte fixe \u00e0 deux ans le d\u00e9lai avant un retour des civils au pouvoir"},"content":{"rendered":"<p>Le d\u00e9cret sign\u00e9 par le chef de la junte le colonel Assimi Go\u00efta a \u00e9t\u00e9 lu ce lundi soir \u00e0 la t\u00e9l\u00e9vision d\u2019\u00c9tat malienne. Un pas en avant car en d\u00e9but d\u2019ann\u00e9e, les militaires projetaient de diriger le Mali jusqu\u2019\u00e0 cinq ans et la C\u00e9d\u00e9ao a adopt\u00e9 des sanctions tr\u00e8s dures contre Bamako.<\/p>\n<p>\u00ab La dur\u00e9e de la transition est fix\u00e9e \u00e0 24 mois, (\u00e0) compter du 26 mars 2022 \u00bb, selon le d\u00e9cret sign\u00e9 par le chef de la junte Assimi Go\u00efta et lu \u00e0 la t\u00e9l\u00e9vision d\u2019\u00c9tat ce lundi soir. La junte se donne donc jusqu\u2019\u00e0 mars 2024 pour rendre le pouvoir aux civils. C\u2019est l\u2019officialisation de ce que disaient les dirigeants maliens depuis quelques temps d\u00e9j\u00e0. \u00ab Impossible d\u2019aller en-de\u00e7\u00e0 de 24 mois \u00bb, avait estim\u00e9 le Premier ministre Choguel Ma\u00efga en avril dernier.<\/p>\n<p>L\u2019annonce a tout de m\u00eame surpris \u00e0 Bamako. M\u00eame des ministres du gouvernement ont confi\u00e9 en priv\u00e9 avoir appris la nouvelle comme tout le monde \u00e0 la t\u00e9l\u00e9vision. Dans l\u2019entourage du colonel Assimi Go\u00efta, on justifie le d\u00e9cret : \u00ab Il faut aller vite pour ne pas perdre du temps \u00bb, explique \u00e0 RFI l\u2019un de ses conseillers. \u00ab La dur\u00e9e d\u2019une transition de 24 mois, poursuit la m\u00eame source, est d\u00e9j\u00e0 la base de discussions avec la C\u00e9d\u00e9ao, et ce que l\u2019organisation attend de nous maintenant ce sont des pr\u00e9cisions sur le chronogramme des activit\u00e9s devant conduire aux \u00e9lections. \u00bb<\/p>\n<p>Du c\u00f4t\u00e9 de la C\u00e9d\u00e9ao, un responsable se dit aussi \u00ab surpris \u00bb par cette annonce. Ce week-end \u00e0 Accra, aucun accord n\u2019a pu \u00eatre atteint, ni avec le Mali ni avec les autres pays en transition post-coup d\u2019\u00c9tat, et tout a \u00e9t\u00e9 report\u00e9 au prochain sommet du 3 juillet. L\u2019id\u00e9e arr\u00eat\u00e9e est que le m\u00e9diateur dans la crise malienne Goodluck Jonathan rencontre les uns et les autres et propose un plan de sortie de crise.<\/p>\n<p>Avec RFI<\/p>\n","protected":false},"excerpt":{"rendered":"<p>Le d\u00e9cret sign\u00e9 par le chef de la junte le colonel Assimi Go\u00efta a \u00e9t\u00e9 lu ce lundi soir \u00e0 la t\u00e9l\u00e9vision d\u2019\u00c9tat malienne. Un pas en avant car en d\u00e9but d\u2019ann\u00e9e, les militaires projetaient de diriger le Mali jusqu\u2019\u00e0 cinq ans et la C\u00e9d\u00e9ao a adopt\u00e9 des sanctions tr\u00e8s dures contre Bamako. \u00ab La [&hellip;]<\/p>\n","protected":false},"author":2,"featured_media":13313,"comment_status":"closed","ping_status":"closed","sticky":false,"template":"","format":"standard","meta":{"footnotes":""},"categories":[57],"tags":[],"class_list":{"0":"post-13311","1":"post","2":"type-post","3":"status-publish","4":"format-standard","5":"has-post-thumbnail","7":"category-politique"},"_links":{"self":[{"href":"https:\/\/conakrynews.org\/index.php\/wp-json\/wp\/v2\/posts\/13311","targetHints":{"allow":["GET"]}}],"collection":[{"href":"https:\/\/conakrynews.org\/index.php\/wp-json\/wp\/v2\/posts"}],"about":[{"href":"https:\/\/conakrynews.org\/index.php\/wp-json\/wp\/v2\/types\/post"}],"author":[{"embeddable":true,"href":"https:\/\/conakrynews.org\/index.php\/wp-json\/wp\/v2\/users\/2"}],"replies":[{"embeddable":true,"href":"https:\/\/conakrynews.org\/index.php\/wp-json\/wp\/v2\/comments?post=13311"}],"version-history":[{"count":0,"href":"https:\/\/conakrynews.org\/index.php\/wp-json\/wp\/v2\/posts\/13311\/revisions"}],"wp:featuredmedia":[{"embeddable":true,"href":"https:\/\/conakrynews.org\/index.php\/wp-json\/wp\/v2\/media\/13313"}],"wp:attachment":[{"href":"https:\/\/conakrynews.org\/index.php\/wp-json\/wp\/v2\/media?parent=13311"}],"wp:term":[{"taxonomy":"category","embeddable":true,"href":"https:\/\/conakrynews.org\/index.php\/wp-json\/wp\/v2\/categories?post=13311"},{"taxonomy":"post_tag","embeddable":true,"href":"https:\/\/conakrynews.org\/index.php\/wp-json\/wp\/v2\/tags?post=13311"}],"curies":[{"name":"wp","href":"https:\/\/api.w.org\/{rel}","templated":true}]}}